{"id":4980,"date":"2018-02-13T15:32:20","date_gmt":"2018-02-13T14:32:20","guid":{"rendered":"http:\/\/www.chaletnata.com\/comune-sen-jan-fassa\/"},"modified":"2018-02-13T16:03:58","modified_gmt":"2018-02-13T15:03:58","slug":"comune-sen-jan-fassa","status":"publish","type":"post","link":"https:\/\/www.chaletnata.com\/en\/comune-sen-jan-fassa\/","title":{"rendered":"Il nuovo comune di S\u00e8n Jan di Fassa"},"content":{"rendered":"<h3><span id=\"result_box\" lang=\"en\"><span title=\"Dal 1\u00b0 gennaio 2018 i due comuni, Vigo di Fassa e Pozza di Fassa si sono uniti in un nuovo comune, appunto S\u00e8n Jan di Fassa.\n\n\">From 1 January 2018 the two municipalities, Vigo di Fassa and Pozza di Fassa have joined a new municipality, precisely S\u00e8n Jan di Fassa<\/span><\/span><\/h3>\n<p><span id=\"result_box\" lang=\"en\"><span title=\"Cos\u00ec anche il nostro Chalet Nata ora fa parte del nuovo comune di S\u00e8n Jan di Fassa, unione voluta dai cittadini che, chiamati ad un referendum nel 2016, hanno votato in stragrande maggioranza a favore dell'unione (oltre l'80% dei voti erano\">So our <strong>Chalet Nata<\/strong> is now part of the new municipality of <strong>S\u00e8n Jan di Fassa<\/strong>, a union desired by the citizens who, called to a referendum in 2016, voted overwhelmingly in favor of the union (over 80% of the votes were <\/span><span title=\"per l'unione).\">for the union). <\/span><span title=\"Il comune di S\u00e8n Jan di Fassa comprende quindi i centri abitati di Pozza di Fassa, Vigo di Fassa e le localit\u00e0 di Pera di Fassa, Costa, Larzonei (Larcion\u00e8), Monzon (Muncion), Passo Carezza\/Costalunga, San Giovanni, Tamion,\">The municipality of S\u00e8n Jan di Fassa therefore includes the inhabited centers of Pozza di Fassa, Vigo di Fassa and the towns of Pera di Fassa, Costa, Larzonei (Larcion\u00e8), Monzon (Muncion), Passo Carezza \/ Costalunga, San Giovanni, Tamion, <\/span><span title=\"Val e Vallonga.\n\n\">Val and Vallonga.<\/p>\n<p><\/span><span title=\"Il nome &quot;S\u00e8n Jan&quot; deriva dalla frazione di San Giovanni che simboleggia l'unione dei due comuni, in quanto luogo storico e culturale pi\u00f9 importante della Val di Fassa in passato.\">The name &#8220;<strong>S\u00e8n Jan<\/strong>&#8221; derives from the village of &#8220;<strong>San Giovanni<\/strong>&#8221; that symbolizes the union of the two municipalities, as the most important historical and cultural place in the <strong>Val di Fassa<\/strong> in the past. <\/span><span title=\"Il nuovo comune conta cos\u00ec 3.532 abitanti (2.275 da Pozza di Fassa e 1.257 da Vigo di Fassa), diventando di fatto il comune pi\u00f9 popoloso della Val di Fassa.\n\n\">The new municipality has 3,532 inhabitants (2,275 from Pozza di Fassa and 1,257 from Vigo di Fassa), becoming in fact the most populous municipality of the Val di Fassa.<\/p>\n<p><\/span><span title=\"Per ora continuate a cercarci sotto il comune di Vigo di Fassa, visto che ci vorranno mesi, se non anni, prima che tutti i navigatori, Google Maps ed affini si aggiornino.\">For now continue to look for us under the town of Vigo di Fassa, since it will take months, if not years, before all the surfers, Google Maps and similar are updated. <\/span><span title=\"Anche il CAP di Vigo di Fassa sta cambiando da 38039 a 38036.\n\n\">Also the CAP of Vigo di Fassa is changing from 38039 to 38036.<\/p>\n<p><\/span><span title=\"Se volete saperne di pi\u00f9 sulla nuova fusione, quindi sul nuovo comune di S\u00e8n Jan di Fassa, potete consultare il sito ufficiale:\">If you want to know more about the new fusion, then on the new municipality of S\u00e8n Jan di Fassa, you can consult the official website:<\/span><\/span>: <a href=\"http:\/\/www.comune.senjandifassa.tn.it\/\" target=\"_blank\" rel=\"noopener\">www.comune.senjandifassa.tn.it\/<\/a><\/p>\n","protected":false},"excerpt":{"rendered":"<p>From 1 January 2018 the two municipalities, Vigo di Fassa and Pozza di Fassa have joined a new municipality, precisely S\u00e8n Jan di Fassa So our Chalet Nata is now part of the new municipality of S\u00e8n Jan di Fassa, a union desired by the citizens who, called to a referendum in 2016, voted overwhelmingly[&#8230;]<\/p>\n","protected":false},"author":1,"featured_media":4976,"comment_status":"open","ping_status":"open","sticky":false,"template":"","format":"standard","meta":{"footnotes":""},"categories":[142],"tags":[143,143,340,340,341,341,288,288,342,342,343,343,344,344,345,345,346,346,127,127,149,149],"class_list":{"0":"post-4980","1":"post","2":"type-post","3":"status-publish","4":"format-standard","5":"has-post-thumbnail","6":"hentry","7":"category-articolo-en","8":"tag-chalet-nata-en","10":"tag-comune-en","12":"tag-comuni-en","14":"tag-dolomiti-en","16":"tag-larcione-en","18":"tag-pozza-di-fassa-en","20":"tag-san-giovanni-en","22":"tag-sen-jan-en","24":"tag-senjan-en","26":"tag-val-di-fassa-en","28":"tag-vigo-di-fassa-en"},"yoast_head":"<!-- This site is optimized with the Yoast SEO plugin v26.9 - https:\/\/yoast.com\/product\/yoast-seo-wordpress\/ -->\n<title>Il nuovo comune di S\u00e8n Jan di Fassa - Chalet Nata<\/title>\n<meta name=\"robots\" content=\"index, follow, max-snippet:-1, max-image-preview:large, max-video-preview:-1\" \/>\n<link rel=\"canonical\" href=\"https:\/\/www.chaletnata.com\/en\/comune-sen-jan-fassa\/\" \/>\n<meta property=\"og:locale\" content=\"en_US\" \/>\n<meta property=\"og:type\" content=\"article\" \/>\n<meta property=\"og:title\" content=\"Il nuovo comune di S\u00e8n Jan di Fassa - Chalet Nata\" \/>\n<meta property=\"og:description\" content=\"From 1 January 2018 the two municipalities, Vigo di Fassa and Pozza di Fassa have joined a new municipality, precisely S\u00e8n Jan di Fassa So our Chalet Nata is now part of the new municipality of S\u00e8n Jan di Fassa, a union desired by the citizens who, called to a referendum in 2016, voted overwhelmingly[...]\" \/>\n<meta property=\"og:url\" content=\"https:\/\/www.chaletnata.com\/en\/comune-sen-jan-fassa\/\" \/>\n<meta property=\"og:site_name\" content=\"Chalet Nata\" \/>\n<meta property=\"article:published_time\" content=\"2018-02-13T14:32:20+00:00\" \/>\n<meta property=\"article:modified_time\" content=\"2018-02-13T15:03:58+00:00\" \/>\n<meta property=\"og:image\" content=\"https:\/\/www.chaletnata.com\/wp-content\/uploads\/2018\/02\/IMG_2609.jpg\" \/>\n\t<meta property=\"og:image:width\" content=\"1440\" \/>\n\t<meta property=\"og:image:height\" content=\"960\" \/>\n\t<meta property=\"og:image:type\" content=\"image\/jpeg\" \/>\n<meta name=\"author\" content=\"Anton\" \/>\n<meta name=\"twitter:card\" content=\"summary_large_image\" \/>\n<meta name=\"twitter:label1\" content=\"Written by\" \/>\n\t<meta name=\"twitter:data1\" content=\"Anton\" \/>\n\t<meta name=\"twitter:label2\" content=\"Est. reading time\" \/>\n\t<meta name=\"twitter:data2\" content=\"1 minute\" \/>\n<script type=\"application\/ld+json\" class=\"yoast-schema-graph\">{\"@context\":\"https:\/\/schema.org\",\"@graph\":[{\"@type\":\"Article\",\"@id\":\"https:\/\/www.chaletnata.com\/en\/comune-sen-jan-fassa\/#article\",\"isPartOf\":{\"@id\":\"https:\/\/www.chaletnata.com\/en\/comune-sen-jan-fassa\/\"},\"author\":{\"name\":\"Anton\",\"@id\":\"https:\/\/www.chaletnata.com\/en\/#\/schema\/person\/43ff4bf07bbee1161aee63c953e4aa88\"},\"headline\":\"Il nuovo comune di S\u00e8n Jan di Fassa\",\"datePublished\":\"2018-02-13T14:32:20+00:00\",\"dateModified\":\"2018-02-13T15:03:58+00:00\",\"mainEntityOfPage\":{\"@id\":\"https:\/\/www.chaletnata.com\/en\/comune-sen-jan-fassa\/\"},\"wordCount\":254,\"commentCount\":0,\"image\":{\"@id\":\"https:\/\/www.chaletnata.com\/en\/comune-sen-jan-fassa\/#primaryimage\"},\"thumbnailUrl\":\"https:\/\/www.chaletnata.com\/wp-content\/uploads\/2018\/02\/IMG_2609.jpg\",\"keywords\":[\"chalet nata\",\"chalet nata\",\"comune\",\"comune\",\"comuni\",\"comuni\",\"dolomiti\",\"dolomiti\",\"larcion\u00e8\",\"larcion\u00e8\",\"pozza di fassa\",\"pozza di fassa\",\"san giovanni\",\"san giovanni\",\"sen jan\",\"sen jan\",\"senjan\",\"senjan\",\"val di fassa\",\"val di fassa\",\"vigo di fassa\",\"vigo di fassa\"],\"articleSection\":[\"blog\"],\"inLanguage\":\"en-US\",\"potentialAction\":[{\"@type\":\"CommentAction\",\"name\":\"Comment\",\"target\":[\"https:\/\/www.chaletnata.com\/en\/comune-sen-jan-fassa\/#respond\"]}]},{\"@type\":\"WebPage\",\"@id\":\"https:\/\/www.chaletnata.com\/en\/comune-sen-jan-fassa\/\",\"url\":\"https:\/\/www.chaletnata.com\/en\/comune-sen-jan-fassa\/\",\"name\":\"Il nuovo comune di S\u00e8n Jan di Fassa - Chalet Nata\",\"isPartOf\":{\"@id\":\"https:\/\/www.chaletnata.com\/en\/#website\"},\"primaryImageOfPage\":{\"@id\":\"https:\/\/www.chaletnata.com\/en\/comune-sen-jan-fassa\/#primaryimage\"},\"image\":{\"@id\":\"https:\/\/www.chaletnata.com\/en\/comune-sen-jan-fassa\/#primaryimage\"},\"thumbnailUrl\":\"https:\/\/www.chaletnata.com\/wp-content\/uploads\/2018\/02\/IMG_2609.jpg\",\"datePublished\":\"2018-02-13T14:32:20+00:00\",\"dateModified\":\"2018-02-13T15:03:58+00:00\",\"author\":{\"@id\":\"https:\/\/www.chaletnata.com\/en\/#\/schema\/person\/43ff4bf07bbee1161aee63c953e4aa88\"},\"breadcrumb\":{\"@id\":\"https:\/\/www.chaletnata.com\/en\/comune-sen-jan-fassa\/#breadcrumb\"},\"inLanguage\":\"en-US\",\"potentialAction\":[{\"@type\":\"ReadAction\",\"target\":[\"https:\/\/www.chaletnata.com\/en\/comune-sen-jan-fassa\/\"]}]},{\"@type\":\"ImageObject\",\"inLanguage\":\"en-US\",\"@id\":\"https:\/\/www.chaletnata.com\/en\/comune-sen-jan-fassa\/#primaryimage\",\"url\":\"https:\/\/www.chaletnata.com\/wp-content\/uploads\/2018\/02\/IMG_2609.jpg\",\"contentUrl\":\"https:\/\/www.chaletnata.com\/wp-content\/uploads\/2018\/02\/IMG_2609.jpg\",\"width\":1440,\"height\":960},{\"@type\":\"BreadcrumbList\",\"@id\":\"https:\/\/www.chaletnata.com\/en\/comune-sen-jan-fassa\/#breadcrumb\",\"itemListElement\":[{\"@type\":\"ListItem\",\"position\":1,\"name\":\"Home\",\"item\":\"https:\/\/www.chaletnata.com\/en\/\"},{\"@type\":\"ListItem\",\"position\":2,\"name\":\"Il nuovo comune di S\u00e8n Jan di Fassa\"}]},{\"@type\":\"WebSite\",\"@id\":\"https:\/\/www.chaletnata.com\/en\/#website\",\"url\":\"https:\/\/www.chaletnata.com\/en\/\",\"name\":\"Chalet Nata\",\"description\":\"Appartamenti Turistici in Val di Fassa - Apartmens Dolomites - Ferienwhonung Dolomiten\",\"potentialAction\":[{\"@type\":\"SearchAction\",\"target\":{\"@type\":\"EntryPoint\",\"urlTemplate\":\"https:\/\/www.chaletnata.com\/en\/?s={search_term_string}\"},\"query-input\":{\"@type\":\"PropertyValueSpecification\",\"valueRequired\":true,\"valueName\":\"search_term_string\"}}],\"inLanguage\":\"en-US\"},{\"@type\":\"Person\",\"@id\":\"https:\/\/www.chaletnata.com\/en\/#\/schema\/person\/43ff4bf07bbee1161aee63c953e4aa88\",\"name\":\"Anton\",\"image\":{\"@type\":\"ImageObject\",\"inLanguage\":\"en-US\",\"@id\":\"https:\/\/www.chaletnata.com\/en\/#\/schema\/person\/image\/\",\"url\":\"https:\/\/secure.gravatar.com\/avatar\/90171d06a4df0b2dd5d4b193cef69a7edec3972aa51ab19bd19d648659ab0630?s=96&d=mm&r=g\",\"contentUrl\":\"https:\/\/secure.gravatar.com\/avatar\/90171d06a4df0b2dd5d4b193cef69a7edec3972aa51ab19bd19d648659ab0630?s=96&d=mm&r=g\",\"caption\":\"Anton\"},\"url\":\"https:\/\/www.chaletnata.com\/en\/author\/anton\/\"}]}<\/script>\n<!-- \/ Yoast SEO plugin. -->","yoast_head_json":{"title":"Il nuovo comune di S\u00e8n Jan di Fassa - Chalet Nata","robots":{"index":"index","follow":"follow","max-snippet":"max-snippet:-1","max-image-preview":"max-image-preview:large","max-video-preview":"max-video-preview:-1"},"canonical":"https:\/\/www.chaletnata.com\/en\/comune-sen-jan-fassa\/","og_locale":"en_US","og_type":"article","og_title":"Il nuovo comune di S\u00e8n Jan di Fassa - Chalet Nata","og_description":"From 1 January 2018 the two municipalities, Vigo di Fassa and Pozza di Fassa have joined a new municipality, precisely S\u00e8n Jan di Fassa So our Chalet Nata is now part of the new municipality of S\u00e8n Jan di Fassa, a union desired by the citizens who, called to a referendum in 2016, voted overwhelmingly[...]","og_url":"https:\/\/www.chaletnata.com\/en\/comune-sen-jan-fassa\/","og_site_name":"Chalet Nata","article_published_time":"2018-02-13T14:32:20+00:00","article_modified_time":"2018-02-13T15:03:58+00:00","og_image":[{"width":1440,"height":960,"url":"https:\/\/www.chaletnata.com\/wp-content\/uploads\/2018\/02\/IMG_2609.jpg","type":"image\/jpeg"}],"author":"Anton","twitter_card":"summary_large_image","twitter_misc":{"Written by":"Anton","Est. reading time":"1 minute"},"schema":{"@context":"https:\/\/schema.org","@graph":[{"@type":"Article","@id":"https:\/\/www.chaletnata.com\/en\/comune-sen-jan-fassa\/#article","isPartOf":{"@id":"https:\/\/www.chaletnata.com\/en\/comune-sen-jan-fassa\/"},"author":{"name":"Anton","@id":"https:\/\/www.chaletnata.com\/en\/#\/schema\/person\/43ff4bf07bbee1161aee63c953e4aa88"},"headline":"Il nuovo comune di S\u00e8n Jan di Fassa","datePublished":"2018-02-13T14:32:20+00:00","dateModified":"2018-02-13T15:03:58+00:00","mainEntityOfPage":{"@id":"https:\/\/www.chaletnata.com\/en\/comune-sen-jan-fassa\/"},"wordCount":254,"commentCount":0,"image":{"@id":"https:\/\/www.chaletnata.com\/en\/comune-sen-jan-fassa\/#primaryimage"},"thumbnailUrl":"https:\/\/www.chaletnata.com\/wp-content\/uploads\/2018\/02\/IMG_2609.jpg","keywords":["chalet nata","chalet nata","comune","comune","comuni","comuni","dolomiti","dolomiti","larcion\u00e8","larcion\u00e8","pozza di fassa","pozza di fassa","san giovanni","san giovanni","sen jan","sen jan","senjan","senjan","val di fassa","val di fassa","vigo di fassa","vigo di fassa"],"articleSection":["blog"],"inLanguage":"en-US","potentialAction":[{"@type":"CommentAction","name":"Comment","target":["https:\/\/www.chaletnata.com\/en\/comune-sen-jan-fassa\/#respond"]}]},{"@type":"WebPage","@id":"https:\/\/www.chaletnata.com\/en\/comune-sen-jan-fassa\/","url":"https:\/\/www.chaletnata.com\/en\/comune-sen-jan-fassa\/","name":"Il nuovo comune di S\u00e8n Jan di Fassa - Chalet Nata","isPartOf":{"@id":"https:\/\/www.chaletnata.com\/en\/#website"},"primaryImageOfPage":{"@id":"https:\/\/www.chaletnata.com\/en\/comune-sen-jan-fassa\/#primaryimage"},"image":{"@id":"https:\/\/www.chaletnata.com\/en\/comune-sen-jan-fassa\/#primaryimage"},"thumbnailUrl":"https:\/\/www.chaletnata.com\/wp-content\/uploads\/2018\/02\/IMG_2609.jpg","datePublished":"2018-02-13T14:32:20+00:00","dateModified":"2018-02-13T15:03:58+00:00","author":{"@id":"https:\/\/www.chaletnata.com\/en\/#\/schema\/person\/43ff4bf07bbee1161aee63c953e4aa88"},"breadcrumb":{"@id":"https:\/\/www.chaletnata.com\/en\/comune-sen-jan-fassa\/#breadcrumb"},"inLanguage":"en-US","potentialAction":[{"@type":"ReadAction","target":["https:\/\/www.chaletnata.com\/en\/comune-sen-jan-fassa\/"]}]},{"@type":"ImageObject","inLanguage":"en-US","@id":"https:\/\/www.chaletnata.com\/en\/comune-sen-jan-fassa\/#primaryimage","url":"https:\/\/www.chaletnata.com\/wp-content\/uploads\/2018\/02\/IMG_2609.jpg","contentUrl":"https:\/\/www.chaletnata.com\/wp-content\/uploads\/2018\/02\/IMG_2609.jpg","width":1440,"height":960},{"@type":"BreadcrumbList","@id":"https:\/\/www.chaletnata.com\/en\/comune-sen-jan-fassa\/#breadcrumb","itemListElement":[{"@type":"ListItem","position":1,"name":"Home","item":"https:\/\/www.chaletnata.com\/en\/"},{"@type":"ListItem","position":2,"name":"Il nuovo comune di S\u00e8n Jan di Fassa"}]},{"@type":"WebSite","@id":"https:\/\/www.chaletnata.com\/en\/#website","url":"https:\/\/www.chaletnata.com\/en\/","name":"Chalet Nata","description":"Appartamenti Turistici in Val di Fassa - Apartmens Dolomites - Ferienwhonung Dolomiten","potentialAction":[{"@type":"SearchAction","target":{"@type":"EntryPoint","urlTemplate":"https:\/\/www.chaletnata.com\/en\/?s={search_term_string}"},"query-input":{"@type":"PropertyValueSpecification","valueRequired":true,"valueName":"search_term_string"}}],"inLanguage":"en-US"},{"@type":"Person","@id":"https:\/\/www.chaletnata.com\/en\/#\/schema\/person\/43ff4bf07bbee1161aee63c953e4aa88","name":"Anton","image":{"@type":"ImageObject","inLanguage":"en-US","@id":"https:\/\/www.chaletnata.com\/en\/#\/schema\/person\/image\/","url":"https:\/\/secure.gravatar.com\/avatar\/90171d06a4df0b2dd5d4b193cef69a7edec3972aa51ab19bd19d648659ab0630?s=96&d=mm&r=g","contentUrl":"https:\/\/secure.gravatar.com\/avatar\/90171d06a4df0b2dd5d4b193cef69a7edec3972aa51ab19bd19d648659ab0630?s=96&d=mm&r=g","caption":"Anton"},"url":"https:\/\/www.chaletnata.com\/en\/author\/anton\/"}]}},"_links":{"self":[{"href":"https:\/\/www.chaletnata.com\/en\/wp-json\/wp\/v2\/posts\/4980\/"}],"collection":[{"href":"https:\/\/www.chaletnata.com\/en\/wp-json\/wp\/v2\/posts\/"}],"about":[{"href":"https:\/\/www.chaletnata.com\/en\/wp-json\/wp\/v2\/types\/post\/"}],"author":[{"embeddable":true,"href":"https:\/\/www.chaletnata.com\/en\/wp-json\/wp\/v2\/users\/1\/"}],"replies":[{"embeddable":true,"href":"https:\/\/www.chaletnata.com\/en\/wp-json\/wp\/v2\/comments\/?post=4980"}],"version-history":[{"count":2,"href":"https:\/\/www.chaletnata.com\/en\/wp-json\/wp\/v2\/posts\/4980\/revisions\/"}],"predecessor-version":[{"id":4985,"href":"https:\/\/www.chaletnata.com\/en\/wp-json\/wp\/v2\/posts\/4980\/revisions\/4985\/"}],"wp:featuredmedia":[{"embeddable":true,"href":"https:\/\/www.chaletnata.com\/en\/wp-json\/wp\/v2\/media\/4976\/"}],"wp:attachment":[{"href":"https:\/\/www.chaletnata.com\/en\/wp-json\/wp\/v2\/media\/?parent=4980"}],"wp:term":[{"taxonomy":"category","embeddable":true,"href":"https:\/\/www.chaletnata.com\/en\/wp-json\/wp\/v2\/categories\/?post=4980"},{"taxonomy":"post_tag","embeddable":true,"href":"https:\/\/www.chaletnata.com\/en\/wp-json\/wp\/v2\/tags\/?post=4980"}],"curies":[{"name":"wp","href":"https:\/\/api.w.org\/{rel}","templated":true}]}}