{"id":4923,"date":"2017-09-21T18:31:46","date_gmt":"2017-09-21T16:31:46","guid":{"rendered":"http:\/\/www.chaletnata.com\/appassionati-di-astronomia\/"},"modified":"2017-09-21T18:56:29","modified_gmt":"2017-09-21T16:56:29","slug":"astronomie-freunde","status":"publish","type":"post","link":"https:\/\/www.chaletnata.com\/de\/astronomie-freunde\/","title":{"rendered":"Astronomie Freunde"},"content":{"rendered":"<div id=\"gt-c\" class=\"g-section\">\n<div id=\"gt-form-c\">\n<form id=\"gt-form\" action=\"\/\" enctype=\"application\/x-www-form-urlencoded\" method=\"post\" name=\"text_form\">\n<div id=\"gt-text-all\">\n<div id=\"gt-main\">\n<div id=\"gt-text-c\">\n<div id=\"gt-text-top\">\n<div id=\"gt-res-c\" class=\"g-unit\">\n<div id=\"gt-res-p\">\n<div id=\"gt-res-data\">\n<div id=\"gt-res-wrap\">\n<div id=\"gt-res-content\">\n<div id=\"gt-res-dir-ctr\" class=\"trans-verified-button-small\" dir=\"ltr\">\n<p><span id=\"result_box\" lang=\"de\"><span title=\"Forse gli appassionati di astronomia se lo saranno chiesto come mai i nostri due appartamenti si chiamano Orione e Polaris e la nostra mansarda privata Via Lattea?\">Vielleicht werden Astronomen gefragt, ob unsere beiden Wohnungen Orion und Polaris und unsere private Milchstra\u00dfe Dachboden genannt werden? <\/span><span title=\"Si, \u00e8 proprio cos\u00ec, siamo &quot;Astronomy friendly&quot;, ovvero appassionati di astronomia anche noi!\">Ja, das ist richtig, wir sind Astronomie-Fans! <\/span><span title=\"Ma la nostra passione non finisce qui.\">Aber unsere Leidenschaft endet hier nicht. <\/span><span title=\"Infatti il nostro prato sotto lo Chalet Nata \u00e8 ideale per le osservazioni astronomiche dove nelle notti limpide si vede sempre chiaramente la via Lattea ad occhio nudo.\">In der Tat ist unser Rasen unter dem Chalet Nata ideal f\u00fcr astronomische Beobachtungen, wo man in den klaren N\u00e4chten immer die Milchstra\u00dfe mit blo\u00dfem Auge sieht. <\/span><span title=\"Se ci chiedete di voler dedicare una serata all'osservazione vi spegniamo tutte le luci attorno alla nostra casa e se lo volete vi mettiamo a disposizione uno dei nostri telescopi per l'osservazione o la fotografia astronomica. \">Wenn Sie uns bitten, einen Abend der Beobachtung zu widmen, schalten wir alle Lichter um unser Haus ab, und wenn Sie wollen, werden wir Ihnen eines unserer Teleskope f\u00fcr astronomische Beobachtung oder Fotografie zur Verf\u00fcgung stellen.<\/span><\/span><\/p>\n<p><span title=\"Per i pi\u00f9 tecnici, abbiamo un Riflettore Newtoniano di lunghezza focale 802 mm, specchio del diametro di 208 mm con relativa luminosit\u00e0 ad f 3,9, ideale per cimentarsi in fotografia astronomica (abbiamo la possibilit\u00e0 di attacco Canon e Nikon) ed un Rifrattore di\">F\u00fcr die Techniker haben wir einen Newtonschen Reflektor von 802mm Brennweite, einen 208mm Spiegel mit einer relativen f \/ 3.9 Helligkeit, ideal f\u00fcr astronomische Fotografie (wir haben Canon und Nikon Halterungen) und einen Refraktor <\/span><span title=\"lunghezza focale 1200 mm e lente del diametro di 127 mm con relativa luminosit\u00e0 ad f 9,4, ideale per le osservazioni, specie di pianeti e luna.\">Brennweite 1200 mm und Linsendurchmesser 127 mm mit relativer Helligkeit f 9.4, ideal f\u00fcr Beobachtungen, Planeten und Mond. <\/span><span title=\"Entrambi montanti su montatura equatoriale motorizzata su entrambi gli assi e staffa per montaggio diretta della macchina fotografica con proprio obiettivo. \">Beide motorisierten \u00c4quatorialbefestigungen an beiden Achsen und Halterung zur direkten Montage der Kamera mit eigenem Objektiv.<\/span><\/p>\n<p><span title=\"I mesi ideali per le osservazioni astronomiche sono settembre, ottobre e novembre, anche se ogni mese dell'anno regala le sue serata fantastiche, ovviamente tempo permettendo. \">Die idealen Monate f\u00fcr astronomische Beobachtungen sind September, Oktober und November, obwohl jeder Monat des Jahres gibt seinen fantastischen Abend, nat\u00fcrlich Wetter erlaubt.<\/span><\/p>\n<p><span title=\"Foto di copertina realizzata dal prato sotto lo Chalet Nata con la semplice macchina fotografica ed obiettivo 16 mm f 2,8 FF Canon su montatura motorizzata in un unico scatto da 20 secondi. \">Cover Foto aus dem Rasen unter dem Chalet Nata mit einer einfachen 16 mm f 2.8 Canon FF Kamera und Objektiv auf motorisiertem Mount in einem einzigen 20-Sekunden-Shutter.<\/span><\/p>\n<p><span title=\"Qui sotto invece la nebulosa di Orione realizzata con il Riflettore Newtoniano e 30 secondi di esposizione.\">Unten ist der Orion-Nebel mit dem Newtonschen Reflektor und 30 Sekunden Exposition realisiert.<\/span><\/p>\n<\/div>\n<\/div>\n<\/div>\n<\/div>\n<\/div>\n<\/div>\n<\/div>\n<\/div>\n<\/div>\n<\/div>\n<\/form>\n<\/div>\n<\/div>\n<p>&nbsp;<\/p>\n<p><a href=\"http:\/\/www.chaletnata.com\/wp-content\/uploads\/2017\/09\/IMG_8596-1440.jpg\" target=\"_blank\" rel=\"noopener\" data-rel=\"lightbox-image-0\" data-imagelightbox=\"0\" data-rl_title=\"\" data-rl_caption=\"\" title=\"\"><img loading=\"lazy\" decoding=\"async\" class=\"aligncenter wp-image-4918 size-large\" src=\"http:\/\/www.chaletnata.com\/wp-content\/uploads\/2017\/09\/IMG_8596-1440-1024x683.jpg\" alt=\"\" width=\"847\" height=\"565\" srcset=\"https:\/\/www.chaletnata.com\/wp-content\/uploads\/2017\/09\/IMG_8596-1440-1024x683.jpg 1024w, https:\/\/www.chaletnata.com\/wp-content\/uploads\/2017\/09\/IMG_8596-1440-300x200.jpg 300w, https:\/\/www.chaletnata.com\/wp-content\/uploads\/2017\/09\/IMG_8596-1440-768x512.jpg 768w, https:\/\/www.chaletnata.com\/wp-content\/uploads\/2017\/09\/IMG_8596-1440-567x378.jpg 567w, https:\/\/www.chaletnata.com\/wp-content\/uploads\/2017\/09\/IMG_8596-1440-1140x760.jpg 1140w, https:\/\/www.chaletnata.com\/wp-content\/uploads\/2017\/09\/IMG_8596-1440.jpg 1440w\" sizes=\"auto, (max-width: 847px) 100vw, 847px\" \/><\/a><\/p>\n<p>&nbsp;<\/p>\n","protected":false},"excerpt":{"rendered":"<p>Vielleicht werden Astronomen gefragt, ob unsere beiden Wohnungen Orion und Polaris und unsere private Milchstra\u00dfe Dachboden genannt werden? Ja, das ist richtig, wir sind Astronomie-Fans! Aber unsere Leidenschaft endet hier nicht. In der Tat ist unser Rasen unter dem Chalet Nata ideal f\u00fcr astronomische Beobachtungen, wo man in den klaren N\u00e4chten immer die Milchstra\u00dfe mit[&#8230;]<\/p>\n","protected":false},"author":1,"featured_media":4914,"comment_status":"open","ping_status":"open","sticky":false,"template":"","format":"standard","meta":{"footnotes":""},"categories":[150],"tags":[306,306,307,307,308,308,313,316,151,151,309,314,315,310,311,312,317],"class_list":{"0":"post-4923","1":"post","2":"type-post","3":"status-publish","4":"format-standard","5":"has-post-thumbnail","6":"hentry","7":"category-articolo-de","8":"tag-astrofili-de","10":"tag-astronomia-de","12":"tag-astronomica-de","14":"tag-astronomie","15":"tag-beobachten","16":"tag-chalet-nata-de","18":"tag-fotografia-de","19":"tag-fotografiren","20":"tag-nacht","21":"tag-notturna-de","22":"tag-osservazione-de","23":"tag-telescopio-de","24":"tag-teleskope"},"yoast_head":"<!-- This site is optimized with the Yoast SEO plugin v26.9 - https:\/\/yoast.com\/product\/yoast-seo-wordpress\/ -->\n<title>Astronomie Freunde - Chalet Nata<\/title>\n<meta name=\"robots\" content=\"index, follow, max-snippet:-1, max-image-preview:large, max-video-preview:-1\" \/>\n<link rel=\"canonical\" href=\"https:\/\/www.chaletnata.com\/de\/astronomie-freunde\/\" \/>\n<meta property=\"og:locale\" content=\"de_DE\" \/>\n<meta property=\"og:type\" content=\"article\" \/>\n<meta property=\"og:title\" content=\"Astronomie Freunde - Chalet Nata\" \/>\n<meta property=\"og:description\" content=\"Vielleicht werden Astronomen gefragt, ob unsere beiden Wohnungen Orion und Polaris und unsere private Milchstra\u00dfe Dachboden genannt werden? Ja, das ist richtig, wir sind Astronomie-Fans! Aber unsere Leidenschaft endet hier nicht. In der Tat ist unser Rasen unter dem Chalet Nata ideal f\u00fcr astronomische Beobachtungen, wo man in den klaren N\u00e4chten immer die Milchstra\u00dfe mit[...]\" \/>\n<meta property=\"og:url\" content=\"https:\/\/www.chaletnata.com\/de\/astronomie-freunde\/\" \/>\n<meta property=\"og:site_name\" content=\"Chalet Nata\" \/>\n<meta property=\"article:published_time\" content=\"2017-09-21T16:31:46+00:00\" \/>\n<meta property=\"article:modified_time\" content=\"2017-09-21T16:56:29+00:00\" \/>\n<meta property=\"og:image\" content=\"https:\/\/www.chaletnata.com\/wp-content\/uploads\/2017\/09\/IMG_2095-1920.jpg\" \/>\n\t<meta property=\"og:image:width\" content=\"1920\" \/>\n\t<meta property=\"og:image:height\" content=\"1280\" \/>\n\t<meta property=\"og:image:type\" content=\"image\/jpeg\" \/>\n<meta name=\"author\" content=\"Anton\" \/>\n<meta name=\"twitter:card\" content=\"summary_large_image\" \/>\n<meta name=\"twitter:label1\" content=\"Verfasst von\" \/>\n\t<meta name=\"twitter:data1\" content=\"Anton\" \/>\n\t<meta name=\"twitter:label2\" content=\"Gesch\u00e4tzte Lesezeit\" \/>\n\t<meta name=\"twitter:data2\" content=\"1\u00a0Minute\" \/>\n<script type=\"application\/ld+json\" class=\"yoast-schema-graph\">{\"@context\":\"https:\/\/schema.org\",\"@graph\":[{\"@type\":\"Article\",\"@id\":\"https:\/\/www.chaletnata.com\/de\/astronomie-freunde\/#article\",\"isPartOf\":{\"@id\":\"https:\/\/www.chaletnata.com\/de\/astronomie-freunde\/\"},\"author\":{\"name\":\"Anton\",\"@id\":\"https:\/\/www.chaletnata.com\/en\/#\/schema\/person\/43ff4bf07bbee1161aee63c953e4aa88\"},\"headline\":\"Astronomie Freunde\",\"datePublished\":\"2017-09-21T16:31:46+00:00\",\"dateModified\":\"2017-09-21T16:56:29+00:00\",\"mainEntityOfPage\":{\"@id\":\"https:\/\/www.chaletnata.com\/de\/astronomie-freunde\/\"},\"wordCount\":234,\"commentCount\":0,\"image\":{\"@id\":\"https:\/\/www.chaletnata.com\/de\/astronomie-freunde\/#primaryimage\"},\"thumbnailUrl\":\"https:\/\/www.chaletnata.com\/wp-content\/uploads\/2017\/09\/IMG_2095-1920.jpg\",\"keywords\":[\"astrofili\",\"astrofili\",\"astronomia\",\"astronomia\",\"astronomica\",\"astronomica\",\"astronomie\",\"beobachten\",\"chalet nata\",\"chalet nata\",\"fotografia\",\"fotografiren\",\"nacht\",\"notturna\",\"osservazione\",\"telescopio\",\"teleskope\"],\"articleSection\":[\"blog\"],\"inLanguage\":\"de\",\"potentialAction\":[{\"@type\":\"CommentAction\",\"name\":\"Comment\",\"target\":[\"https:\/\/www.chaletnata.com\/de\/astronomie-freunde\/#respond\"]}]},{\"@type\":\"WebPage\",\"@id\":\"https:\/\/www.chaletnata.com\/de\/astronomie-freunde\/\",\"url\":\"https:\/\/www.chaletnata.com\/de\/astronomie-freunde\/\",\"name\":\"Astronomie Freunde - Chalet Nata\",\"isPartOf\":{\"@id\":\"https:\/\/www.chaletnata.com\/en\/#website\"},\"primaryImageOfPage\":{\"@id\":\"https:\/\/www.chaletnata.com\/de\/astronomie-freunde\/#primaryimage\"},\"image\":{\"@id\":\"https:\/\/www.chaletnata.com\/de\/astronomie-freunde\/#primaryimage\"},\"thumbnailUrl\":\"https:\/\/www.chaletnata.com\/wp-content\/uploads\/2017\/09\/IMG_2095-1920.jpg\",\"datePublished\":\"2017-09-21T16:31:46+00:00\",\"dateModified\":\"2017-09-21T16:56:29+00:00\",\"author\":{\"@id\":\"https:\/\/www.chaletnata.com\/en\/#\/schema\/person\/43ff4bf07bbee1161aee63c953e4aa88\"},\"breadcrumb\":{\"@id\":\"https:\/\/www.chaletnata.com\/de\/astronomie-freunde\/#breadcrumb\"},\"inLanguage\":\"de\",\"potentialAction\":[{\"@type\":\"ReadAction\",\"target\":[\"https:\/\/www.chaletnata.com\/de\/astronomie-freunde\/\"]}]},{\"@type\":\"ImageObject\",\"inLanguage\":\"de\",\"@id\":\"https:\/\/www.chaletnata.com\/de\/astronomie-freunde\/#primaryimage\",\"url\":\"https:\/\/www.chaletnata.com\/wp-content\/uploads\/2017\/09\/IMG_2095-1920.jpg\",\"contentUrl\":\"https:\/\/www.chaletnata.com\/wp-content\/uploads\/2017\/09\/IMG_2095-1920.jpg\",\"width\":1920,\"height\":1280},{\"@type\":\"BreadcrumbList\",\"@id\":\"https:\/\/www.chaletnata.com\/de\/astronomie-freunde\/#breadcrumb\",\"itemListElement\":[{\"@type\":\"ListItem\",\"position\":1,\"name\":\"Home\",\"item\":\"https:\/\/www.chaletnata.com\/de\/\"},{\"@type\":\"ListItem\",\"position\":2,\"name\":\"Astronomie Freunde\"}]},{\"@type\":\"WebSite\",\"@id\":\"https:\/\/www.chaletnata.com\/en\/#website\",\"url\":\"https:\/\/www.chaletnata.com\/en\/\",\"name\":\"Chalet Nata\",\"description\":\"Appartamenti Turistici in Val di Fassa - Apartmens Dolomites - Ferienwhonung Dolomiten\",\"potentialAction\":[{\"@type\":\"SearchAction\",\"target\":{\"@type\":\"EntryPoint\",\"urlTemplate\":\"https:\/\/www.chaletnata.com\/en\/?s={search_term_string}\"},\"query-input\":{\"@type\":\"PropertyValueSpecification\",\"valueRequired\":true,\"valueName\":\"search_term_string\"}}],\"inLanguage\":\"de\"},{\"@type\":\"Person\",\"@id\":\"https:\/\/www.chaletnata.com\/en\/#\/schema\/person\/43ff4bf07bbee1161aee63c953e4aa88\",\"name\":\"Anton\",\"image\":{\"@type\":\"ImageObject\",\"inLanguage\":\"de\",\"@id\":\"https:\/\/www.chaletnata.com\/en\/#\/schema\/person\/image\/\",\"url\":\"https:\/\/secure.gravatar.com\/avatar\/90171d06a4df0b2dd5d4b193cef69a7edec3972aa51ab19bd19d648659ab0630?s=96&d=mm&r=g\",\"contentUrl\":\"https:\/\/secure.gravatar.com\/avatar\/90171d06a4df0b2dd5d4b193cef69a7edec3972aa51ab19bd19d648659ab0630?s=96&d=mm&r=g\",\"caption\":\"Anton\"},\"url\":\"https:\/\/www.chaletnata.com\/de\/author\/anton\/\"}]}<\/script>\n<!-- \/ Yoast SEO plugin. -->","yoast_head_json":{"title":"Astronomie Freunde - Chalet Nata","robots":{"index":"index","follow":"follow","max-snippet":"max-snippet:-1","max-image-preview":"max-image-preview:large","max-video-preview":"max-video-preview:-1"},"canonical":"https:\/\/www.chaletnata.com\/de\/astronomie-freunde\/","og_locale":"de_DE","og_type":"article","og_title":"Astronomie Freunde - Chalet Nata","og_description":"Vielleicht werden Astronomen gefragt, ob unsere beiden Wohnungen Orion und Polaris und unsere private Milchstra\u00dfe Dachboden genannt werden? Ja, das ist richtig, wir sind Astronomie-Fans! Aber unsere Leidenschaft endet hier nicht. In der Tat ist unser Rasen unter dem Chalet Nata ideal f\u00fcr astronomische Beobachtungen, wo man in den klaren N\u00e4chten immer die Milchstra\u00dfe mit[...]","og_url":"https:\/\/www.chaletnata.com\/de\/astronomie-freunde\/","og_site_name":"Chalet Nata","article_published_time":"2017-09-21T16:31:46+00:00","article_modified_time":"2017-09-21T16:56:29+00:00","og_image":[{"width":1920,"height":1280,"url":"https:\/\/www.chaletnata.com\/wp-content\/uploads\/2017\/09\/IMG_2095-1920.jpg","type":"image\/jpeg"}],"author":"Anton","twitter_card":"summary_large_image","twitter_misc":{"Verfasst von":"Anton","Gesch\u00e4tzte Lesezeit":"1\u00a0Minute"},"schema":{"@context":"https:\/\/schema.org","@graph":[{"@type":"Article","@id":"https:\/\/www.chaletnata.com\/de\/astronomie-freunde\/#article","isPartOf":{"@id":"https:\/\/www.chaletnata.com\/de\/astronomie-freunde\/"},"author":{"name":"Anton","@id":"https:\/\/www.chaletnata.com\/en\/#\/schema\/person\/43ff4bf07bbee1161aee63c953e4aa88"},"headline":"Astronomie Freunde","datePublished":"2017-09-21T16:31:46+00:00","dateModified":"2017-09-21T16:56:29+00:00","mainEntityOfPage":{"@id":"https:\/\/www.chaletnata.com\/de\/astronomie-freunde\/"},"wordCount":234,"commentCount":0,"image":{"@id":"https:\/\/www.chaletnata.com\/de\/astronomie-freunde\/#primaryimage"},"thumbnailUrl":"https:\/\/www.chaletnata.com\/wp-content\/uploads\/2017\/09\/IMG_2095-1920.jpg","keywords":["astrofili","astrofili","astronomia","astronomia","astronomica","astronomica","astronomie","beobachten","chalet nata","chalet nata","fotografia","fotografiren","nacht","notturna","osservazione","telescopio","teleskope"],"articleSection":["blog"],"inLanguage":"de","potentialAction":[{"@type":"CommentAction","name":"Comment","target":["https:\/\/www.chaletnata.com\/de\/astronomie-freunde\/#respond"]}]},{"@type":"WebPage","@id":"https:\/\/www.chaletnata.com\/de\/astronomie-freunde\/","url":"https:\/\/www.chaletnata.com\/de\/astronomie-freunde\/","name":"Astronomie Freunde - Chalet Nata","isPartOf":{"@id":"https:\/\/www.chaletnata.com\/en\/#website"},"primaryImageOfPage":{"@id":"https:\/\/www.chaletnata.com\/de\/astronomie-freunde\/#primaryimage"},"image":{"@id":"https:\/\/www.chaletnata.com\/de\/astronomie-freunde\/#primaryimage"},"thumbnailUrl":"https:\/\/www.chaletnata.com\/wp-content\/uploads\/2017\/09\/IMG_2095-1920.jpg","datePublished":"2017-09-21T16:31:46+00:00","dateModified":"2017-09-21T16:56:29+00:00","author":{"@id":"https:\/\/www.chaletnata.com\/en\/#\/schema\/person\/43ff4bf07bbee1161aee63c953e4aa88"},"breadcrumb":{"@id":"https:\/\/www.chaletnata.com\/de\/astronomie-freunde\/#breadcrumb"},"inLanguage":"de","potentialAction":[{"@type":"ReadAction","target":["https:\/\/www.chaletnata.com\/de\/astronomie-freunde\/"]}]},{"@type":"ImageObject","inLanguage":"de","@id":"https:\/\/www.chaletnata.com\/de\/astronomie-freunde\/#primaryimage","url":"https:\/\/www.chaletnata.com\/wp-content\/uploads\/2017\/09\/IMG_2095-1920.jpg","contentUrl":"https:\/\/www.chaletnata.com\/wp-content\/uploads\/2017\/09\/IMG_2095-1920.jpg","width":1920,"height":1280},{"@type":"BreadcrumbList","@id":"https:\/\/www.chaletnata.com\/de\/astronomie-freunde\/#breadcrumb","itemListElement":[{"@type":"ListItem","position":1,"name":"Home","item":"https:\/\/www.chaletnata.com\/de\/"},{"@type":"ListItem","position":2,"name":"Astronomie Freunde"}]},{"@type":"WebSite","@id":"https:\/\/www.chaletnata.com\/en\/#website","url":"https:\/\/www.chaletnata.com\/en\/","name":"Chalet Nata","description":"Appartamenti Turistici in Val di Fassa - Apartmens Dolomites - Ferienwhonung Dolomiten","potentialAction":[{"@type":"SearchAction","target":{"@type":"EntryPoint","urlTemplate":"https:\/\/www.chaletnata.com\/en\/?s={search_term_string}"},"query-input":{"@type":"PropertyValueSpecification","valueRequired":true,"valueName":"search_term_string"}}],"inLanguage":"de"},{"@type":"Person","@id":"https:\/\/www.chaletnata.com\/en\/#\/schema\/person\/43ff4bf07bbee1161aee63c953e4aa88","name":"Anton","image":{"@type":"ImageObject","inLanguage":"de","@id":"https:\/\/www.chaletnata.com\/en\/#\/schema\/person\/image\/","url":"https:\/\/secure.gravatar.com\/avatar\/90171d06a4df0b2dd5d4b193cef69a7edec3972aa51ab19bd19d648659ab0630?s=96&d=mm&r=g","contentUrl":"https:\/\/secure.gravatar.com\/avatar\/90171d06a4df0b2dd5d4b193cef69a7edec3972aa51ab19bd19d648659ab0630?s=96&d=mm&r=g","caption":"Anton"},"url":"https:\/\/www.chaletnata.com\/de\/author\/anton\/"}]}},"_links":{"self":[{"href":"https:\/\/www.chaletnata.com\/de\/wp-json\/wp\/v2\/posts\/4923\/"}],"collection":[{"href":"https:\/\/www.chaletnata.com\/de\/wp-json\/wp\/v2\/posts\/"}],"about":[{"href":"https:\/\/www.chaletnata.com\/de\/wp-json\/wp\/v2\/types\/post\/"}],"author":[{"embeddable":true,"href":"https:\/\/www.chaletnata.com\/de\/wp-json\/wp\/v2\/users\/1\/"}],"replies":[{"embeddable":true,"href":"https:\/\/www.chaletnata.com\/de\/wp-json\/wp\/v2\/comments\/?post=4923"}],"version-history":[{"count":3,"href":"https:\/\/www.chaletnata.com\/de\/wp-json\/wp\/v2\/posts\/4923\/revisions\/"}],"predecessor-version":[{"id":4928,"href":"https:\/\/www.chaletnata.com\/de\/wp-json\/wp\/v2\/posts\/4923\/revisions\/4928\/"}],"wp:featuredmedia":[{"embeddable":true,"href":"https:\/\/www.chaletnata.com\/de\/wp-json\/wp\/v2\/media\/4914\/"}],"wp:attachment":[{"href":"https:\/\/www.chaletnata.com\/de\/wp-json\/wp\/v2\/media\/?parent=4923"}],"wp:term":[{"taxonomy":"category","embeddable":true,"href":"https:\/\/www.chaletnata.com\/de\/wp-json\/wp\/v2\/categories\/?post=4923"},{"taxonomy":"post_tag","embeddable":true,"href":"https:\/\/www.chaletnata.com\/de\/wp-json\/wp\/v2\/tags\/?post=4923"}],"curies":[{"name":"wp","href":"https:\/\/api.w.org\/{rel}","templated":true}]}}