{"id":4891,"date":"2017-07-18T10:04:25","date_gmt":"2017-07-18T08:04:25","guid":{"rendered":"http:\/\/www.chaletnata.com\/?p=4891\/"},"modified":"2017-07-18T10:06:24","modified_gmt":"2017-07-18T08:06:24","slug":"ein-sonderrabatt-fuer-unsere-deutschen-gaeste","status":"publish","type":"post","link":"https:\/\/www.chaletnata.com\/de\/ein-sonderrabatt-fuer-unsere-deutschen-gaeste\/","title":{"rendered":"Ein Sonderrabatt  f\u00fcr unsere deutschen G\u00e4ste"},"content":{"rendered":"<h3 tabindex=\"0\" role=\"button\" aria-hidden=\"false\" aria-label=\"Cancella testo\" data-tooltip-align=\"t,c\" data-tooltip=\"Cancella testo\"><span id=\"result_box\" lang=\"de\">Eine Woche mit einem Sonderpreis nur f\u00fcr deutsche G\u00e4ste<\/span><span id=\"t-served-community-button\" class=\"trans-verified-button goog-toolbar-button\" role=\"button\" aria-hidden=\"true\"><\/span><\/h3>\n<div id=\"gt-clear\" class=\"clear-button goog-toolbar-button\" tabindex=\"0\" role=\"button\" aria-hidden=\"false\" aria-label=\"Cancella testo\" data-tooltip-align=\"t,c\" data-tooltip=\"Cancella testo\"><span id=\"result_box\" lang=\"de\">Wir haben <span class=\"alt-edited\">freie Pl\u00e4tze<\/span> vom 29. Juli bis 5. August 2017, und wir wollen die deutschen G\u00e4ste einen Sonderrabatt von 30% auf unsere Preisliste bieten. F\u00fcr zwei Personen <strong>Euro 533,00<\/strong> statt Euro 790,00 und <strong>Euro 623,00<\/strong> f\u00fcr drei oder vier Personen statt Euro 890,00 mit allen Aufwendungen enthalten, auch Bettw\u00e4sche und Handt\u00fccher Bett.<\/span><span id=\"t-served-community-button\" class=\"trans-verified-button goog-toolbar-button\" role=\"button\" aria-hidden=\"true\"><\/span><\/div>\n<div tabindex=\"0\" role=\"button\" aria-hidden=\"false\" aria-label=\"Cancella testo\" data-tooltip-align=\"t,c\" data-tooltip=\"Cancella testo\"><\/div>\n<div tabindex=\"0\" role=\"button\" aria-hidden=\"false\" aria-label=\"Cancella testo\" data-tooltip-align=\"t,c\" data-tooltip=\"Cancella testo\"><span id=\"result_box\" lang=\"de\"><strong>Rufen Sie uns an<\/strong> +39 335 6069121\u00a0(wir sprechen auch Deutsch) <strong>oder mailen Sie uns jetzt<\/strong> <a href=\"mailto:info@chaletnata.com\">info@chaletnata.com<\/a>!<\/span><span id=\"t-served-community-button\" class=\"trans-verified-button goog-toolbar-button\" role=\"button\" aria-hidden=\"true\"><\/span><\/div>\n<div tabindex=\"0\" role=\"button\" aria-hidden=\"false\" aria-label=\"Cancella testo\" data-tooltip-align=\"t,c\" data-tooltip=\"Cancella testo\"><\/div>\n<div tabindex=\"0\" role=\"button\" aria-hidden=\"false\" aria-label=\"Cancella testo\" data-tooltip-align=\"t,c\" data-tooltip=\"Cancella testo\"><span id=\"result_box\" class=\"short_text\" lang=\"de\">Das Angebot gilt je nach Verf\u00fcgbarkeit<\/span><span id=\"t-served-community-button\" class=\"trans-verified-button goog-toolbar-button\" role=\"button\" aria-hidden=\"true\"><\/span>.<\/div>\n","protected":false},"excerpt":{"rendered":"<p>Eine Woche mit einem Sonderpreis nur f\u00fcr deutsche G\u00e4ste Wir haben freie Pl\u00e4tze vom 29. Juli bis 5. August 2017, und wir wollen die deutschen G\u00e4ste einen Sonderrabatt von 30% auf unsere Preisliste bieten. F\u00fcr zwei Personen Euro 533,00 statt Euro 790,00 und Euro 623,00 f\u00fcr drei oder vier Personen statt Euro 890,00 mit allen[&#8230;]<\/p>\n","protected":false},"author":1,"featured_media":3814,"comment_status":"open","ping_status":"open","sticky":false,"template":"","format":"standard","meta":{"footnotes":""},"categories":[111],"tags":[279,285,286],"class_list":["post-4891","post","type-post","status-publish","format-standard","has-post-thumbnail","hentry","category-promotionen","tag-angebot","tag-deutsch","tag-sonderpreis"],"yoast_head":"<!-- This site is optimized with the Yoast SEO plugin v26.9 - https:\/\/yoast.com\/product\/yoast-seo-wordpress\/ -->\n<title>Ein Sonderrabatt f\u00fcr unsere deutschen G\u00e4ste - Chalet Nata<\/title>\n<meta name=\"robots\" content=\"index, follow, max-snippet:-1, max-image-preview:large, max-video-preview:-1\" \/>\n<link rel=\"canonical\" href=\"https:\/\/www.chaletnata.com\/de\/ein-sonderrabatt-fuer-unsere-deutschen-gaeste\/\" \/>\n<meta property=\"og:locale\" content=\"de_DE\" \/>\n<meta property=\"og:type\" content=\"article\" \/>\n<meta property=\"og:title\" content=\"Ein Sonderrabatt f\u00fcr unsere deutschen G\u00e4ste - Chalet Nata\" \/>\n<meta property=\"og:description\" content=\"Eine Woche mit einem Sonderpreis nur f\u00fcr deutsche G\u00e4ste Wir haben freie Pl\u00e4tze vom 29. Juli bis 5. August 2017, und wir wollen die deutschen G\u00e4ste einen Sonderrabatt von 30% auf unsere Preisliste bieten. F\u00fcr zwei Personen Euro 533,00 statt Euro 790,00 und Euro 623,00 f\u00fcr drei oder vier Personen statt Euro 890,00 mit allen[...]\" \/>\n<meta property=\"og:url\" content=\"https:\/\/www.chaletnata.com\/de\/ein-sonderrabatt-fuer-unsere-deutschen-gaeste\/\" \/>\n<meta property=\"og:site_name\" content=\"Chalet Nata\" \/>\n<meta property=\"article:published_time\" content=\"2017-07-18T08:04:25+00:00\" \/>\n<meta property=\"article:modified_time\" content=\"2017-07-18T08:06:24+00:00\" \/>\n<meta property=\"og:image\" content=\"https:\/\/www.chaletnata.com\/wp-content\/uploads\/2016\/10\/scappadalcaldo.jpg\" \/>\n\t<meta property=\"og:image:width\" content=\"1280\" \/>\n\t<meta property=\"og:image:height\" content=\"853\" \/>\n\t<meta property=\"og:image:type\" content=\"image\/jpeg\" \/>\n<meta name=\"author\" content=\"Anton\" \/>\n<meta name=\"twitter:card\" content=\"summary_large_image\" \/>\n<meta name=\"twitter:label1\" content=\"Verfasst von\" \/>\n\t<meta name=\"twitter:data1\" content=\"Anton\" \/>\n<script type=\"application\/ld+json\" class=\"yoast-schema-graph\">{\"@context\":\"https:\/\/schema.org\",\"@graph\":[{\"@type\":\"Article\",\"@id\":\"https:\/\/www.chaletnata.com\/de\/ein-sonderrabatt-fuer-unsere-deutschen-gaeste\/#article\",\"isPartOf\":{\"@id\":\"https:\/\/www.chaletnata.com\/de\/ein-sonderrabatt-fuer-unsere-deutschen-gaeste\/\"},\"author\":{\"name\":\"Anton\",\"@id\":\"https:\/\/www.chaletnata.com\/en\/#\/schema\/person\/43ff4bf07bbee1161aee63c953e4aa88\"},\"headline\":\"Ein Sonderrabatt f\u00fcr unsere deutschen G\u00e4ste\",\"datePublished\":\"2017-07-18T08:04:25+00:00\",\"dateModified\":\"2017-07-18T08:06:24+00:00\",\"mainEntityOfPage\":{\"@id\":\"https:\/\/www.chaletnata.com\/de\/ein-sonderrabatt-fuer-unsere-deutschen-gaeste\/\"},\"wordCount\":93,\"commentCount\":0,\"image\":{\"@id\":\"https:\/\/www.chaletnata.com\/de\/ein-sonderrabatt-fuer-unsere-deutschen-gaeste\/#primaryimage\"},\"thumbnailUrl\":\"https:\/\/www.chaletnata.com\/wp-content\/uploads\/2016\/10\/scappadalcaldo.jpg\",\"keywords\":[\"angebot\",\"deutsch\",\"sonderpreis\"],\"articleSection\":[\"promotionen\"],\"inLanguage\":\"de\",\"potentialAction\":[{\"@type\":\"CommentAction\",\"name\":\"Comment\",\"target\":[\"https:\/\/www.chaletnata.com\/de\/ein-sonderrabatt-fuer-unsere-deutschen-gaeste\/#respond\"]}]},{\"@type\":\"WebPage\",\"@id\":\"https:\/\/www.chaletnata.com\/de\/ein-sonderrabatt-fuer-unsere-deutschen-gaeste\/\",\"url\":\"https:\/\/www.chaletnata.com\/de\/ein-sonderrabatt-fuer-unsere-deutschen-gaeste\/\",\"name\":\"Ein Sonderrabatt f\u00fcr unsere deutschen G\u00e4ste - Chalet Nata\",\"isPartOf\":{\"@id\":\"https:\/\/www.chaletnata.com\/en\/#website\"},\"primaryImageOfPage\":{\"@id\":\"https:\/\/www.chaletnata.com\/de\/ein-sonderrabatt-fuer-unsere-deutschen-gaeste\/#primaryimage\"},\"image\":{\"@id\":\"https:\/\/www.chaletnata.com\/de\/ein-sonderrabatt-fuer-unsere-deutschen-gaeste\/#primaryimage\"},\"thumbnailUrl\":\"https:\/\/www.chaletnata.com\/wp-content\/uploads\/2016\/10\/scappadalcaldo.jpg\",\"datePublished\":\"2017-07-18T08:04:25+00:00\",\"dateModified\":\"2017-07-18T08:06:24+00:00\",\"author\":{\"@id\":\"https:\/\/www.chaletnata.com\/en\/#\/schema\/person\/43ff4bf07bbee1161aee63c953e4aa88\"},\"breadcrumb\":{\"@id\":\"https:\/\/www.chaletnata.com\/de\/ein-sonderrabatt-fuer-unsere-deutschen-gaeste\/#breadcrumb\"},\"inLanguage\":\"de\",\"potentialAction\":[{\"@type\":\"ReadAction\",\"target\":[\"https:\/\/www.chaletnata.com\/de\/ein-sonderrabatt-fuer-unsere-deutschen-gaeste\/\"]}]},{\"@type\":\"ImageObject\",\"inLanguage\":\"de\",\"@id\":\"https:\/\/www.chaletnata.com\/de\/ein-sonderrabatt-fuer-unsere-deutschen-gaeste\/#primaryimage\",\"url\":\"https:\/\/www.chaletnata.com\/wp-content\/uploads\/2016\/10\/scappadalcaldo.jpg\",\"contentUrl\":\"https:\/\/www.chaletnata.com\/wp-content\/uploads\/2016\/10\/scappadalcaldo.jpg\",\"width\":1280,\"height\":853},{\"@type\":\"BreadcrumbList\",\"@id\":\"https:\/\/www.chaletnata.com\/de\/ein-sonderrabatt-fuer-unsere-deutschen-gaeste\/#breadcrumb\",\"itemListElement\":[{\"@type\":\"ListItem\",\"position\":1,\"name\":\"Home\",\"item\":\"https:\/\/www.chaletnata.com\/de\/\"},{\"@type\":\"ListItem\",\"position\":2,\"name\":\"Ein Sonderrabatt f\u00fcr unsere deutschen G\u00e4ste\"}]},{\"@type\":\"WebSite\",\"@id\":\"https:\/\/www.chaletnata.com\/en\/#website\",\"url\":\"https:\/\/www.chaletnata.com\/en\/\",\"name\":\"Chalet Nata\",\"description\":\"Appartamenti Turistici in Val di Fassa - Apartmens Dolomites - Ferienwhonung Dolomiten\",\"potentialAction\":[{\"@type\":\"SearchAction\",\"target\":{\"@type\":\"EntryPoint\",\"urlTemplate\":\"https:\/\/www.chaletnata.com\/en\/?s={search_term_string}\"},\"query-input\":{\"@type\":\"PropertyValueSpecification\",\"valueRequired\":true,\"valueName\":\"search_term_string\"}}],\"inLanguage\":\"de\"},{\"@type\":\"Person\",\"@id\":\"https:\/\/www.chaletnata.com\/en\/#\/schema\/person\/43ff4bf07bbee1161aee63c953e4aa88\",\"name\":\"Anton\",\"image\":{\"@type\":\"ImageObject\",\"inLanguage\":\"de\",\"@id\":\"https:\/\/www.chaletnata.com\/en\/#\/schema\/person\/image\/\",\"url\":\"https:\/\/secure.gravatar.com\/avatar\/90171d06a4df0b2dd5d4b193cef69a7edec3972aa51ab19bd19d648659ab0630?s=96&d=mm&r=g\",\"contentUrl\":\"https:\/\/secure.gravatar.com\/avatar\/90171d06a4df0b2dd5d4b193cef69a7edec3972aa51ab19bd19d648659ab0630?s=96&d=mm&r=g\",\"caption\":\"Anton\"},\"url\":\"https:\/\/www.chaletnata.com\/de\/author\/anton\/\"}]}<\/script>\n<!-- \/ Yoast SEO plugin. -->","yoast_head_json":{"title":"Ein Sonderrabatt f\u00fcr unsere deutschen G\u00e4ste - Chalet Nata","robots":{"index":"index","follow":"follow","max-snippet":"max-snippet:-1","max-image-preview":"max-image-preview:large","max-video-preview":"max-video-preview:-1"},"canonical":"https:\/\/www.chaletnata.com\/de\/ein-sonderrabatt-fuer-unsere-deutschen-gaeste\/","og_locale":"de_DE","og_type":"article","og_title":"Ein Sonderrabatt f\u00fcr unsere deutschen G\u00e4ste - Chalet Nata","og_description":"Eine Woche mit einem Sonderpreis nur f\u00fcr deutsche G\u00e4ste Wir haben freie Pl\u00e4tze vom 29. Juli bis 5. August 2017, und wir wollen die deutschen G\u00e4ste einen Sonderrabatt von 30% auf unsere Preisliste bieten. F\u00fcr zwei Personen Euro 533,00 statt Euro 790,00 und Euro 623,00 f\u00fcr drei oder vier Personen statt Euro 890,00 mit allen[...]","og_url":"https:\/\/www.chaletnata.com\/de\/ein-sonderrabatt-fuer-unsere-deutschen-gaeste\/","og_site_name":"Chalet Nata","article_published_time":"2017-07-18T08:04:25+00:00","article_modified_time":"2017-07-18T08:06:24+00:00","og_image":[{"width":1280,"height":853,"url":"https:\/\/www.chaletnata.com\/wp-content\/uploads\/2016\/10\/scappadalcaldo.jpg","type":"image\/jpeg"}],"author":"Anton","twitter_card":"summary_large_image","twitter_misc":{"Verfasst von":"Anton"},"schema":{"@context":"https:\/\/schema.org","@graph":[{"@type":"Article","@id":"https:\/\/www.chaletnata.com\/de\/ein-sonderrabatt-fuer-unsere-deutschen-gaeste\/#article","isPartOf":{"@id":"https:\/\/www.chaletnata.com\/de\/ein-sonderrabatt-fuer-unsere-deutschen-gaeste\/"},"author":{"name":"Anton","@id":"https:\/\/www.chaletnata.com\/en\/#\/schema\/person\/43ff4bf07bbee1161aee63c953e4aa88"},"headline":"Ein Sonderrabatt f\u00fcr unsere deutschen G\u00e4ste","datePublished":"2017-07-18T08:04:25+00:00","dateModified":"2017-07-18T08:06:24+00:00","mainEntityOfPage":{"@id":"https:\/\/www.chaletnata.com\/de\/ein-sonderrabatt-fuer-unsere-deutschen-gaeste\/"},"wordCount":93,"commentCount":0,"image":{"@id":"https:\/\/www.chaletnata.com\/de\/ein-sonderrabatt-fuer-unsere-deutschen-gaeste\/#primaryimage"},"thumbnailUrl":"https:\/\/www.chaletnata.com\/wp-content\/uploads\/2016\/10\/scappadalcaldo.jpg","keywords":["angebot","deutsch","sonderpreis"],"articleSection":["promotionen"],"inLanguage":"de","potentialAction":[{"@type":"CommentAction","name":"Comment","target":["https:\/\/www.chaletnata.com\/de\/ein-sonderrabatt-fuer-unsere-deutschen-gaeste\/#respond"]}]},{"@type":"WebPage","@id":"https:\/\/www.chaletnata.com\/de\/ein-sonderrabatt-fuer-unsere-deutschen-gaeste\/","url":"https:\/\/www.chaletnata.com\/de\/ein-sonderrabatt-fuer-unsere-deutschen-gaeste\/","name":"Ein Sonderrabatt f\u00fcr unsere deutschen G\u00e4ste - Chalet Nata","isPartOf":{"@id":"https:\/\/www.chaletnata.com\/en\/#website"},"primaryImageOfPage":{"@id":"https:\/\/www.chaletnata.com\/de\/ein-sonderrabatt-fuer-unsere-deutschen-gaeste\/#primaryimage"},"image":{"@id":"https:\/\/www.chaletnata.com\/de\/ein-sonderrabatt-fuer-unsere-deutschen-gaeste\/#primaryimage"},"thumbnailUrl":"https:\/\/www.chaletnata.com\/wp-content\/uploads\/2016\/10\/scappadalcaldo.jpg","datePublished":"2017-07-18T08:04:25+00:00","dateModified":"2017-07-18T08:06:24+00:00","author":{"@id":"https:\/\/www.chaletnata.com\/en\/#\/schema\/person\/43ff4bf07bbee1161aee63c953e4aa88"},"breadcrumb":{"@id":"https:\/\/www.chaletnata.com\/de\/ein-sonderrabatt-fuer-unsere-deutschen-gaeste\/#breadcrumb"},"inLanguage":"de","potentialAction":[{"@type":"ReadAction","target":["https:\/\/www.chaletnata.com\/de\/ein-sonderrabatt-fuer-unsere-deutschen-gaeste\/"]}]},{"@type":"ImageObject","inLanguage":"de","@id":"https:\/\/www.chaletnata.com\/de\/ein-sonderrabatt-fuer-unsere-deutschen-gaeste\/#primaryimage","url":"https:\/\/www.chaletnata.com\/wp-content\/uploads\/2016\/10\/scappadalcaldo.jpg","contentUrl":"https:\/\/www.chaletnata.com\/wp-content\/uploads\/2016\/10\/scappadalcaldo.jpg","width":1280,"height":853},{"@type":"BreadcrumbList","@id":"https:\/\/www.chaletnata.com\/de\/ein-sonderrabatt-fuer-unsere-deutschen-gaeste\/#breadcrumb","itemListElement":[{"@type":"ListItem","position":1,"name":"Home","item":"https:\/\/www.chaletnata.com\/de\/"},{"@type":"ListItem","position":2,"name":"Ein Sonderrabatt f\u00fcr unsere deutschen G\u00e4ste"}]},{"@type":"WebSite","@id":"https:\/\/www.chaletnata.com\/en\/#website","url":"https:\/\/www.chaletnata.com\/en\/","name":"Chalet Nata","description":"Appartamenti Turistici in Val di Fassa - Apartmens Dolomites - Ferienwhonung Dolomiten","potentialAction":[{"@type":"SearchAction","target":{"@type":"EntryPoint","urlTemplate":"https:\/\/www.chaletnata.com\/en\/?s={search_term_string}"},"query-input":{"@type":"PropertyValueSpecification","valueRequired":true,"valueName":"search_term_string"}}],"inLanguage":"de"},{"@type":"Person","@id":"https:\/\/www.chaletnata.com\/en\/#\/schema\/person\/43ff4bf07bbee1161aee63c953e4aa88","name":"Anton","image":{"@type":"ImageObject","inLanguage":"de","@id":"https:\/\/www.chaletnata.com\/en\/#\/schema\/person\/image\/","url":"https:\/\/secure.gravatar.com\/avatar\/90171d06a4df0b2dd5d4b193cef69a7edec3972aa51ab19bd19d648659ab0630?s=96&d=mm&r=g","contentUrl":"https:\/\/secure.gravatar.com\/avatar\/90171d06a4df0b2dd5d4b193cef69a7edec3972aa51ab19bd19d648659ab0630?s=96&d=mm&r=g","caption":"Anton"},"url":"https:\/\/www.chaletnata.com\/de\/author\/anton\/"}]}},"_links":{"self":[{"href":"https:\/\/www.chaletnata.com\/de\/wp-json\/wp\/v2\/posts\/4891\/"}],"collection":[{"href":"https:\/\/www.chaletnata.com\/de\/wp-json\/wp\/v2\/posts\/"}],"about":[{"href":"https:\/\/www.chaletnata.com\/de\/wp-json\/wp\/v2\/types\/post\/"}],"author":[{"embeddable":true,"href":"https:\/\/www.chaletnata.com\/de\/wp-json\/wp\/v2\/users\/1\/"}],"replies":[{"embeddable":true,"href":"https:\/\/www.chaletnata.com\/de\/wp-json\/wp\/v2\/comments\/?post=4891"}],"version-history":[{"count":2,"href":"https:\/\/www.chaletnata.com\/de\/wp-json\/wp\/v2\/posts\/4891\/revisions\/"}],"predecessor-version":[{"id":4893,"href":"https:\/\/www.chaletnata.com\/de\/wp-json\/wp\/v2\/posts\/4891\/revisions\/4893\/"}],"wp:featuredmedia":[{"embeddable":true,"href":"https:\/\/www.chaletnata.com\/de\/wp-json\/wp\/v2\/media\/3814\/"}],"wp:attachment":[{"href":"https:\/\/www.chaletnata.com\/de\/wp-json\/wp\/v2\/media\/?parent=4891"}],"wp:term":[{"taxonomy":"category","embeddable":true,"href":"https:\/\/www.chaletnata.com\/de\/wp-json\/wp\/v2\/categories\/?post=4891"},{"taxonomy":"post_tag","embeddable":true,"href":"https:\/\/www.chaletnata.com\/de\/wp-json\/wp\/v2\/tags\/?post=4891"}],"curies":[{"name":"wp","href":"https:\/\/api.w.org\/{rel}","templated":true}]}}