{"id":4619,"date":"2014-01-02T18:42:57","date_gmt":"2014-01-02T17:42:57","guid":{"rendered":"http:\/\/www.chaletnata.com\/de\/da-questanno-il-caffe-ve-lo-offriamo-noi-else\/"},"modified":"2016-11-18T18:32:17","modified_gmt":"2016-11-18T17:32:17","slug":"da-questanno-il-caffe-ve-lo-offriamo-noi-else","status":"publish","type":"post","link":"https:\/\/www.chaletnata.com\/de\/da-questanno-il-caffe-ve-lo-offriamo-noi-else\/","title":{"rendered":"Ab diesem Jahr werden wir Ihnen Kaffee anbieten &#8230; what else!"},"content":{"rendered":"<p>Wer wird unser Gast in diesem Jahr Sie eine sch\u00f6ne \u00dcberraschung zu finden, eine neue Nespresso-Kaffeemaschine mit einer guten Versorgung mit Wafern f\u00fcr den gesamten Aufenthalt! Oh ja, in diesem Jahr werden wir Ihnen den Kaffee von Chalet Nata bieten. Wenn Sie Kenner oder Kaffeeliebhaber sind, schreiben, noch bevor Sie ankommen, werden wir Sie auch in Geschmack unterbringen , im Laufe wann immer m\u00f6glich. So gut, Kaffee \u00fcberhaupt , was sonst!<br \/>\nP. S.<br \/>\nNespresso-Kaffeemaschinen sind in den Wohnungen Orion und Polaris zur Verf\u00fcgung.<br \/>\nMarke Nespresso wird registriert und wird von Nespresso geh\u00f6rt.<\/p>\n","protected":false},"excerpt":{"rendered":"<p>Wer wird unser Gast in diesem Jahr Sie eine sch\u00f6ne \u00dcberraschung zu finden, eine neue Nespresso-Kaffeemaschine mit einer guten Versorgung mit Wafern f\u00fcr den gesamten Aufenthalt! Oh ja, in diesem Jahr werden wir Ihnen den Kaffee von Chalet Nata bieten. Wenn Sie Kenner oder Kaffeeliebhaber sind, schreiben, noch bevor Sie ankommen, werden wir Sie auch[&#8230;]<\/p>\n","protected":false},"author":1,"featured_media":0,"comment_status":"open","ping_status":"open","sticky":false,"template":"","format":"standard","meta":{"footnotes":""},"categories":[150],"tags":[209,210,211],"class_list":["post-4619","post","type-post","status-publish","format-standard","hentry","category-articolo-de","tag-caffe-de","tag-macchina-del-caffe-de","tag-nespresso-de"],"yoast_head":"<!-- This site is optimized with the Yoast SEO plugin v26.9 - https:\/\/yoast.com\/product\/yoast-seo-wordpress\/ -->\n<title>nespresso<\/title>\n<meta name=\"description\" content=\"nespresso\" \/>\n<meta name=\"robots\" content=\"index, follow, max-snippet:-1, max-image-preview:large, max-video-preview:-1\" \/>\n<link rel=\"canonical\" href=\"https:\/\/www.chaletnata.com\/de\/da-questanno-il-caffe-ve-lo-offriamo-noi-else\/\" \/>\n<meta property=\"og:locale\" content=\"de_DE\" \/>\n<meta property=\"og:type\" content=\"article\" \/>\n<meta property=\"og:title\" content=\"nespresso\" \/>\n<meta property=\"og:description\" content=\"nespresso\" \/>\n<meta property=\"og:url\" content=\"https:\/\/www.chaletnata.com\/de\/da-questanno-il-caffe-ve-lo-offriamo-noi-else\/\" \/>\n<meta property=\"og:site_name\" content=\"Chalet Nata\" \/>\n<meta property=\"article:published_time\" content=\"2014-01-02T17:42:57+00:00\" \/>\n<meta property=\"article:modified_time\" content=\"2016-11-18T17:32:17+00:00\" \/>\n<meta name=\"author\" content=\"Anton\" \/>\n<meta name=\"twitter:card\" content=\"summary_large_image\" \/>\n<meta name=\"twitter:label1\" content=\"Verfasst von\" \/>\n\t<meta name=\"twitter:data1\" content=\"Anton\" \/>\n<script type=\"application\/ld+json\" class=\"yoast-schema-graph\">{\"@context\":\"https:\/\/schema.org\",\"@graph\":[{\"@type\":\"Article\",\"@id\":\"https:\/\/www.chaletnata.com\/de\/da-questanno-il-caffe-ve-lo-offriamo-noi-else\/#article\",\"isPartOf\":{\"@id\":\"https:\/\/www.chaletnata.com\/de\/da-questanno-il-caffe-ve-lo-offriamo-noi-else\/\"},\"author\":{\"name\":\"Anton\",\"@id\":\"https:\/\/www.chaletnata.com\/en\/#\/schema\/person\/43ff4bf07bbee1161aee63c953e4aa88\"},\"headline\":\"Ab diesem Jahr werden wir Ihnen Kaffee anbieten &#8230; what else!\",\"datePublished\":\"2014-01-02T17:42:57+00:00\",\"dateModified\":\"2016-11-18T17:32:17+00:00\",\"mainEntityOfPage\":{\"@id\":\"https:\/\/www.chaletnata.com\/de\/da-questanno-il-caffe-ve-lo-offriamo-noi-else\/\"},\"wordCount\":105,\"commentCount\":0,\"keywords\":[\"caff\u00e8\",\"macchina del caff\u00e8\",\"nespresso\"],\"articleSection\":[\"blog\"],\"inLanguage\":\"de\",\"potentialAction\":[{\"@type\":\"CommentAction\",\"name\":\"Comment\",\"target\":[\"https:\/\/www.chaletnata.com\/de\/da-questanno-il-caffe-ve-lo-offriamo-noi-else\/#respond\"]}]},{\"@type\":\"WebPage\",\"@id\":\"https:\/\/www.chaletnata.com\/de\/da-questanno-il-caffe-ve-lo-offriamo-noi-else\/\",\"url\":\"https:\/\/www.chaletnata.com\/de\/da-questanno-il-caffe-ve-lo-offriamo-noi-else\/\",\"name\":\"nespresso\",\"isPartOf\":{\"@id\":\"https:\/\/www.chaletnata.com\/en\/#website\"},\"datePublished\":\"2014-01-02T17:42:57+00:00\",\"dateModified\":\"2016-11-18T17:32:17+00:00\",\"author\":{\"@id\":\"https:\/\/www.chaletnata.com\/en\/#\/schema\/person\/43ff4bf07bbee1161aee63c953e4aa88\"},\"description\":\"nespresso\",\"breadcrumb\":{\"@id\":\"https:\/\/www.chaletnata.com\/de\/da-questanno-il-caffe-ve-lo-offriamo-noi-else\/#breadcrumb\"},\"inLanguage\":\"de\",\"potentialAction\":[{\"@type\":\"ReadAction\",\"target\":[\"https:\/\/www.chaletnata.com\/de\/da-questanno-il-caffe-ve-lo-offriamo-noi-else\/\"]}]},{\"@type\":\"BreadcrumbList\",\"@id\":\"https:\/\/www.chaletnata.com\/de\/da-questanno-il-caffe-ve-lo-offriamo-noi-else\/#breadcrumb\",\"itemListElement\":[{\"@type\":\"ListItem\",\"position\":1,\"name\":\"Home\",\"item\":\"https:\/\/www.chaletnata.com\/de\/\"},{\"@type\":\"ListItem\",\"position\":2,\"name\":\"Ab diesem Jahr werden wir Ihnen Kaffee anbieten &#8230; what else!\"}]},{\"@type\":\"WebSite\",\"@id\":\"https:\/\/www.chaletnata.com\/en\/#website\",\"url\":\"https:\/\/www.chaletnata.com\/en\/\",\"name\":\"Chalet Nata\",\"description\":\"Appartamenti Turistici in Val di Fassa - Apartmens Dolomites - Ferienwhonung Dolomiten\",\"potentialAction\":[{\"@type\":\"SearchAction\",\"target\":{\"@type\":\"EntryPoint\",\"urlTemplate\":\"https:\/\/www.chaletnata.com\/en\/?s={search_term_string}\"},\"query-input\":{\"@type\":\"PropertyValueSpecification\",\"valueRequired\":true,\"valueName\":\"search_term_string\"}}],\"inLanguage\":\"de\"},{\"@type\":\"Person\",\"@id\":\"https:\/\/www.chaletnata.com\/en\/#\/schema\/person\/43ff4bf07bbee1161aee63c953e4aa88\",\"name\":\"Anton\",\"image\":{\"@type\":\"ImageObject\",\"inLanguage\":\"de\",\"@id\":\"https:\/\/www.chaletnata.com\/en\/#\/schema\/person\/image\/\",\"url\":\"https:\/\/secure.gravatar.com\/avatar\/90171d06a4df0b2dd5d4b193cef69a7edec3972aa51ab19bd19d648659ab0630?s=96&d=mm&r=g\",\"contentUrl\":\"https:\/\/secure.gravatar.com\/avatar\/90171d06a4df0b2dd5d4b193cef69a7edec3972aa51ab19bd19d648659ab0630?s=96&d=mm&r=g\",\"caption\":\"Anton\"},\"url\":\"https:\/\/www.chaletnata.com\/de\/author\/anton\/\"}]}<\/script>\n<!-- \/ Yoast SEO plugin. -->","yoast_head_json":{"title":"nespresso","description":"nespresso","robots":{"index":"index","follow":"follow","max-snippet":"max-snippet:-1","max-image-preview":"max-image-preview:large","max-video-preview":"max-video-preview:-1"},"canonical":"https:\/\/www.chaletnata.com\/de\/da-questanno-il-caffe-ve-lo-offriamo-noi-else\/","og_locale":"de_DE","og_type":"article","og_title":"nespresso","og_description":"nespresso","og_url":"https:\/\/www.chaletnata.com\/de\/da-questanno-il-caffe-ve-lo-offriamo-noi-else\/","og_site_name":"Chalet Nata","article_published_time":"2014-01-02T17:42:57+00:00","article_modified_time":"2016-11-18T17:32:17+00:00","author":"Anton","twitter_card":"summary_large_image","twitter_misc":{"Verfasst von":"Anton"},"schema":{"@context":"https:\/\/schema.org","@graph":[{"@type":"Article","@id":"https:\/\/www.chaletnata.com\/de\/da-questanno-il-caffe-ve-lo-offriamo-noi-else\/#article","isPartOf":{"@id":"https:\/\/www.chaletnata.com\/de\/da-questanno-il-caffe-ve-lo-offriamo-noi-else\/"},"author":{"name":"Anton","@id":"https:\/\/www.chaletnata.com\/en\/#\/schema\/person\/43ff4bf07bbee1161aee63c953e4aa88"},"headline":"Ab diesem Jahr werden wir Ihnen Kaffee anbieten &#8230; what else!","datePublished":"2014-01-02T17:42:57+00:00","dateModified":"2016-11-18T17:32:17+00:00","mainEntityOfPage":{"@id":"https:\/\/www.chaletnata.com\/de\/da-questanno-il-caffe-ve-lo-offriamo-noi-else\/"},"wordCount":105,"commentCount":0,"keywords":["caff\u00e8","macchina del caff\u00e8","nespresso"],"articleSection":["blog"],"inLanguage":"de","potentialAction":[{"@type":"CommentAction","name":"Comment","target":["https:\/\/www.chaletnata.com\/de\/da-questanno-il-caffe-ve-lo-offriamo-noi-else\/#respond"]}]},{"@type":"WebPage","@id":"https:\/\/www.chaletnata.com\/de\/da-questanno-il-caffe-ve-lo-offriamo-noi-else\/","url":"https:\/\/www.chaletnata.com\/de\/da-questanno-il-caffe-ve-lo-offriamo-noi-else\/","name":"nespresso","isPartOf":{"@id":"https:\/\/www.chaletnata.com\/en\/#website"},"datePublished":"2014-01-02T17:42:57+00:00","dateModified":"2016-11-18T17:32:17+00:00","author":{"@id":"https:\/\/www.chaletnata.com\/en\/#\/schema\/person\/43ff4bf07bbee1161aee63c953e4aa88"},"description":"nespresso","breadcrumb":{"@id":"https:\/\/www.chaletnata.com\/de\/da-questanno-il-caffe-ve-lo-offriamo-noi-else\/#breadcrumb"},"inLanguage":"de","potentialAction":[{"@type":"ReadAction","target":["https:\/\/www.chaletnata.com\/de\/da-questanno-il-caffe-ve-lo-offriamo-noi-else\/"]}]},{"@type":"BreadcrumbList","@id":"https:\/\/www.chaletnata.com\/de\/da-questanno-il-caffe-ve-lo-offriamo-noi-else\/#breadcrumb","itemListElement":[{"@type":"ListItem","position":1,"name":"Home","item":"https:\/\/www.chaletnata.com\/de\/"},{"@type":"ListItem","position":2,"name":"Ab diesem Jahr werden wir Ihnen Kaffee anbieten &#8230; what else!"}]},{"@type":"WebSite","@id":"https:\/\/www.chaletnata.com\/en\/#website","url":"https:\/\/www.chaletnata.com\/en\/","name":"Chalet Nata","description":"Appartamenti Turistici in Val di Fassa - Apartmens Dolomites - Ferienwhonung Dolomiten","potentialAction":[{"@type":"SearchAction","target":{"@type":"EntryPoint","urlTemplate":"https:\/\/www.chaletnata.com\/en\/?s={search_term_string}"},"query-input":{"@type":"PropertyValueSpecification","valueRequired":true,"valueName":"search_term_string"}}],"inLanguage":"de"},{"@type":"Person","@id":"https:\/\/www.chaletnata.com\/en\/#\/schema\/person\/43ff4bf07bbee1161aee63c953e4aa88","name":"Anton","image":{"@type":"ImageObject","inLanguage":"de","@id":"https:\/\/www.chaletnata.com\/en\/#\/schema\/person\/image\/","url":"https:\/\/secure.gravatar.com\/avatar\/90171d06a4df0b2dd5d4b193cef69a7edec3972aa51ab19bd19d648659ab0630?s=96&d=mm&r=g","contentUrl":"https:\/\/secure.gravatar.com\/avatar\/90171d06a4df0b2dd5d4b193cef69a7edec3972aa51ab19bd19d648659ab0630?s=96&d=mm&r=g","caption":"Anton"},"url":"https:\/\/www.chaletnata.com\/de\/author\/anton\/"}]}},"_links":{"self":[{"href":"https:\/\/www.chaletnata.com\/de\/wp-json\/wp\/v2\/posts\/4619\/"}],"collection":[{"href":"https:\/\/www.chaletnata.com\/de\/wp-json\/wp\/v2\/posts\/"}],"about":[{"href":"https:\/\/www.chaletnata.com\/de\/wp-json\/wp\/v2\/types\/post\/"}],"author":[{"embeddable":true,"href":"https:\/\/www.chaletnata.com\/de\/wp-json\/wp\/v2\/users\/1\/"}],"replies":[{"embeddable":true,"href":"https:\/\/www.chaletnata.com\/de\/wp-json\/wp\/v2\/comments\/?post=4619"}],"version-history":[{"count":2,"href":"https:\/\/www.chaletnata.com\/de\/wp-json\/wp\/v2\/posts\/4619\/revisions\/"}],"predecessor-version":[{"id":4767,"href":"https:\/\/www.chaletnata.com\/de\/wp-json\/wp\/v2\/posts\/4619\/revisions\/4767\/"}],"wp:attachment":[{"href":"https:\/\/www.chaletnata.com\/de\/wp-json\/wp\/v2\/media\/?parent=4619"}],"wp:term":[{"taxonomy":"category","embeddable":true,"href":"https:\/\/www.chaletnata.com\/de\/wp-json\/wp\/v2\/categories\/?post=4619"},{"taxonomy":"post_tag","embeddable":true,"href":"https:\/\/www.chaletnata.com\/de\/wp-json\/wp\/v2\/tags\/?post=4619"}],"curies":[{"name":"wp","href":"https:\/\/api.w.org\/{rel}","templated":true}]}}