{"id":4598,"date":"2016-09-05T12:21:45","date_gmt":"2016-09-05T10:21:45","guid":{"rendered":"http:\/\/www.chaletnata.com\/un-nuovo-posto-letto-con-vista-spettacolare\/?lang=de"},"modified":"2016-11-18T18:11:46","modified_gmt":"2016-11-18T17:11:46","slug":"un-nuovo-posto-letto-con-vista-spettacolare","status":"publish","type":"post","link":"https:\/\/www.chaletnata.com\/de\/un-nuovo-posto-letto-con-vista-spettacolare\/","title":{"rendered":"Ein neues Bett mit einer spektakul\u00e4ren Aussicht"},"content":{"rendered":"<p>Wir informieren Sie, dass wir einen neuen Raum ge\u00f6ffnet haben, oder vielmehr um genau zu sein es nicht nur ein Zimmer, aber es hat ein Bett und eine spektakul\u00e4re Aussicht &#8230; denken, dass man in der Nacht auch die Sterne sehen k\u00f6nnen! Offensichtlich sind wir ein Scherz, aber jemand mochte den Witz und bat uns, ein Opfer zu sein, zumindest f\u00fcr einen Tag!<\/p>\n","protected":false},"excerpt":{"rendered":"<p>Wir informieren Sie, dass wir einen neuen Raum ge\u00f6ffnet haben, oder vielmehr um genau zu sein es nicht nur ein Zimmer, aber es hat ein Bett und eine spektakul\u00e4re Aussicht &#8230; denken, dass man in der Nacht auch die Sterne sehen k\u00f6nnen! Offensichtlich sind wir ein Scherz, aber jemand mochte den Witz und bat uns,[&#8230;]<\/p>\n","protected":false},"author":1,"featured_media":4085,"comment_status":"open","ping_status":"open","sticky":false,"template":"","format":"standard","meta":{"footnotes":""},"categories":[150],"tags":[163,164,165,166,167],"class_list":["post-4598","post","type-post","status-publish","format-standard","has-post-thumbnail","hentry","category-articolo-de","tag-camera-de","tag-panorama-de","tag-scherzo-de","tag-stelle-de","tag-vista-de"],"yoast_head":"<!-- This site is optimized with the Yoast SEO plugin v26.9 - https:\/\/yoast.com\/product\/yoast-seo-wordpress\/ -->\n<title>Ein neues Bett mit einer spektakul\u00e4ren Aussicht - Chalet Nata<\/title>\n<meta name=\"robots\" content=\"index, follow, max-snippet:-1, max-image-preview:large, max-video-preview:-1\" \/>\n<link rel=\"canonical\" href=\"https:\/\/www.chaletnata.com\/de\/un-nuovo-posto-letto-con-vista-spettacolare\/\" \/>\n<meta property=\"og:locale\" content=\"de_DE\" \/>\n<meta property=\"og:type\" content=\"article\" \/>\n<meta property=\"og:title\" content=\"Ein neues Bett mit einer spektakul\u00e4ren Aussicht - Chalet Nata\" \/>\n<meta property=\"og:description\" content=\"Wir informieren Sie, dass wir einen neuen Raum ge\u00f6ffnet haben, oder vielmehr um genau zu sein es nicht nur ein Zimmer, aber es hat ein Bett und eine spektakul\u00e4re Aussicht &#8230; denken, dass man in der Nacht auch die Sterne sehen k\u00f6nnen! Offensichtlich sind wir ein Scherz, aber jemand mochte den Witz und bat uns,[...]\" \/>\n<meta property=\"og:url\" content=\"https:\/\/www.chaletnata.com\/de\/un-nuovo-posto-letto-con-vista-spettacolare\/\" \/>\n<meta property=\"og:site_name\" content=\"Chalet Nata\" \/>\n<meta property=\"article:published_time\" content=\"2016-09-05T10:21:45+00:00\" \/>\n<meta property=\"article:modified_time\" content=\"2016-11-18T17:11:46+00:00\" \/>\n<meta property=\"og:image\" content=\"https:\/\/www.chaletnata.com\/wp-content\/uploads\/2016\/11\/IMG_2717.jpg\" \/>\n\t<meta property=\"og:image:width\" content=\"1280\" \/>\n\t<meta property=\"og:image:height\" content=\"853\" \/>\n\t<meta property=\"og:image:type\" content=\"image\/jpeg\" \/>\n<meta name=\"author\" content=\"Anton\" \/>\n<meta name=\"twitter:card\" content=\"summary_large_image\" \/>\n<meta name=\"twitter:label1\" content=\"Verfasst von\" \/>\n\t<meta name=\"twitter:data1\" content=\"Anton\" \/>\n<script type=\"application\/ld+json\" class=\"yoast-schema-graph\">{\"@context\":\"https:\/\/schema.org\",\"@graph\":[{\"@type\":\"Article\",\"@id\":\"https:\/\/www.chaletnata.com\/de\/un-nuovo-posto-letto-con-vista-spettacolare\/#article\",\"isPartOf\":{\"@id\":\"https:\/\/www.chaletnata.com\/de\/un-nuovo-posto-letto-con-vista-spettacolare\/\"},\"author\":{\"name\":\"Anton\",\"@id\":\"https:\/\/www.chaletnata.com\/en\/#\/schema\/person\/43ff4bf07bbee1161aee63c953e4aa88\"},\"headline\":\"Ein neues Bett mit einer spektakul\u00e4ren Aussicht\",\"datePublished\":\"2016-09-05T10:21:45+00:00\",\"dateModified\":\"2016-11-18T17:11:46+00:00\",\"mainEntityOfPage\":{\"@id\":\"https:\/\/www.chaletnata.com\/de\/un-nuovo-posto-letto-con-vista-spettacolare\/\"},\"wordCount\":74,\"commentCount\":0,\"image\":{\"@id\":\"https:\/\/www.chaletnata.com\/de\/un-nuovo-posto-letto-con-vista-spettacolare\/#primaryimage\"},\"thumbnailUrl\":\"https:\/\/www.chaletnata.com\/wp-content\/uploads\/2016\/11\/IMG_2717.jpg\",\"keywords\":[\"camera\",\"panorama\",\"scherzo\",\"stelle\",\"vista\"],\"articleSection\":[\"blog\"],\"inLanguage\":\"de\",\"potentialAction\":[{\"@type\":\"CommentAction\",\"name\":\"Comment\",\"target\":[\"https:\/\/www.chaletnata.com\/de\/un-nuovo-posto-letto-con-vista-spettacolare\/#respond\"]}]},{\"@type\":\"WebPage\",\"@id\":\"https:\/\/www.chaletnata.com\/de\/un-nuovo-posto-letto-con-vista-spettacolare\/\",\"url\":\"https:\/\/www.chaletnata.com\/de\/un-nuovo-posto-letto-con-vista-spettacolare\/\",\"name\":\"Ein neues Bett mit einer spektakul\u00e4ren Aussicht - Chalet Nata\",\"isPartOf\":{\"@id\":\"https:\/\/www.chaletnata.com\/en\/#website\"},\"primaryImageOfPage\":{\"@id\":\"https:\/\/www.chaletnata.com\/de\/un-nuovo-posto-letto-con-vista-spettacolare\/#primaryimage\"},\"image\":{\"@id\":\"https:\/\/www.chaletnata.com\/de\/un-nuovo-posto-letto-con-vista-spettacolare\/#primaryimage\"},\"thumbnailUrl\":\"https:\/\/www.chaletnata.com\/wp-content\/uploads\/2016\/11\/IMG_2717.jpg\",\"datePublished\":\"2016-09-05T10:21:45+00:00\",\"dateModified\":\"2016-11-18T17:11:46+00:00\",\"author\":{\"@id\":\"https:\/\/www.chaletnata.com\/en\/#\/schema\/person\/43ff4bf07bbee1161aee63c953e4aa88\"},\"breadcrumb\":{\"@id\":\"https:\/\/www.chaletnata.com\/de\/un-nuovo-posto-letto-con-vista-spettacolare\/#breadcrumb\"},\"inLanguage\":\"de\",\"potentialAction\":[{\"@type\":\"ReadAction\",\"target\":[\"https:\/\/www.chaletnata.com\/de\/un-nuovo-posto-letto-con-vista-spettacolare\/\"]}]},{\"@type\":\"ImageObject\",\"inLanguage\":\"de\",\"@id\":\"https:\/\/www.chaletnata.com\/de\/un-nuovo-posto-letto-con-vista-spettacolare\/#primaryimage\",\"url\":\"https:\/\/www.chaletnata.com\/wp-content\/uploads\/2016\/11\/IMG_2717.jpg\",\"contentUrl\":\"https:\/\/www.chaletnata.com\/wp-content\/uploads\/2016\/11\/IMG_2717.jpg\",\"width\":1280,\"height\":853},{\"@type\":\"BreadcrumbList\",\"@id\":\"https:\/\/www.chaletnata.com\/de\/un-nuovo-posto-letto-con-vista-spettacolare\/#breadcrumb\",\"itemListElement\":[{\"@type\":\"ListItem\",\"position\":1,\"name\":\"Home\",\"item\":\"https:\/\/www.chaletnata.com\/de\/\"},{\"@type\":\"ListItem\",\"position\":2,\"name\":\"Ein neues Bett mit einer spektakul\u00e4ren Aussicht\"}]},{\"@type\":\"WebSite\",\"@id\":\"https:\/\/www.chaletnata.com\/en\/#website\",\"url\":\"https:\/\/www.chaletnata.com\/en\/\",\"name\":\"Chalet Nata\",\"description\":\"Appartamenti Turistici in Val di Fassa - Apartmens Dolomites - Ferienwhonung Dolomiten\",\"potentialAction\":[{\"@type\":\"SearchAction\",\"target\":{\"@type\":\"EntryPoint\",\"urlTemplate\":\"https:\/\/www.chaletnata.com\/en\/?s={search_term_string}\"},\"query-input\":{\"@type\":\"PropertyValueSpecification\",\"valueRequired\":true,\"valueName\":\"search_term_string\"}}],\"inLanguage\":\"de\"},{\"@type\":\"Person\",\"@id\":\"https:\/\/www.chaletnata.com\/en\/#\/schema\/person\/43ff4bf07bbee1161aee63c953e4aa88\",\"name\":\"Anton\",\"image\":{\"@type\":\"ImageObject\",\"inLanguage\":\"de\",\"@id\":\"https:\/\/www.chaletnata.com\/en\/#\/schema\/person\/image\/\",\"url\":\"https:\/\/secure.gravatar.com\/avatar\/90171d06a4df0b2dd5d4b193cef69a7edec3972aa51ab19bd19d648659ab0630?s=96&d=mm&r=g\",\"contentUrl\":\"https:\/\/secure.gravatar.com\/avatar\/90171d06a4df0b2dd5d4b193cef69a7edec3972aa51ab19bd19d648659ab0630?s=96&d=mm&r=g\",\"caption\":\"Anton\"},\"url\":\"https:\/\/www.chaletnata.com\/de\/author\/anton\/\"}]}<\/script>\n<!-- \/ Yoast SEO plugin. -->","yoast_head_json":{"title":"Ein neues Bett mit einer spektakul\u00e4ren Aussicht - Chalet Nata","robots":{"index":"index","follow":"follow","max-snippet":"max-snippet:-1","max-image-preview":"max-image-preview:large","max-video-preview":"max-video-preview:-1"},"canonical":"https:\/\/www.chaletnata.com\/de\/un-nuovo-posto-letto-con-vista-spettacolare\/","og_locale":"de_DE","og_type":"article","og_title":"Ein neues Bett mit einer spektakul\u00e4ren Aussicht - Chalet Nata","og_description":"Wir informieren Sie, dass wir einen neuen Raum ge\u00f6ffnet haben, oder vielmehr um genau zu sein es nicht nur ein Zimmer, aber es hat ein Bett und eine spektakul\u00e4re Aussicht &#8230; denken, dass man in der Nacht auch die Sterne sehen k\u00f6nnen! Offensichtlich sind wir ein Scherz, aber jemand mochte den Witz und bat uns,[...]","og_url":"https:\/\/www.chaletnata.com\/de\/un-nuovo-posto-letto-con-vista-spettacolare\/","og_site_name":"Chalet Nata","article_published_time":"2016-09-05T10:21:45+00:00","article_modified_time":"2016-11-18T17:11:46+00:00","og_image":[{"width":1280,"height":853,"url":"https:\/\/www.chaletnata.com\/wp-content\/uploads\/2016\/11\/IMG_2717.jpg","type":"image\/jpeg"}],"author":"Anton","twitter_card":"summary_large_image","twitter_misc":{"Verfasst von":"Anton"},"schema":{"@context":"https:\/\/schema.org","@graph":[{"@type":"Article","@id":"https:\/\/www.chaletnata.com\/de\/un-nuovo-posto-letto-con-vista-spettacolare\/#article","isPartOf":{"@id":"https:\/\/www.chaletnata.com\/de\/un-nuovo-posto-letto-con-vista-spettacolare\/"},"author":{"name":"Anton","@id":"https:\/\/www.chaletnata.com\/en\/#\/schema\/person\/43ff4bf07bbee1161aee63c953e4aa88"},"headline":"Ein neues Bett mit einer spektakul\u00e4ren Aussicht","datePublished":"2016-09-05T10:21:45+00:00","dateModified":"2016-11-18T17:11:46+00:00","mainEntityOfPage":{"@id":"https:\/\/www.chaletnata.com\/de\/un-nuovo-posto-letto-con-vista-spettacolare\/"},"wordCount":74,"commentCount":0,"image":{"@id":"https:\/\/www.chaletnata.com\/de\/un-nuovo-posto-letto-con-vista-spettacolare\/#primaryimage"},"thumbnailUrl":"https:\/\/www.chaletnata.com\/wp-content\/uploads\/2016\/11\/IMG_2717.jpg","keywords":["camera","panorama","scherzo","stelle","vista"],"articleSection":["blog"],"inLanguage":"de","potentialAction":[{"@type":"CommentAction","name":"Comment","target":["https:\/\/www.chaletnata.com\/de\/un-nuovo-posto-letto-con-vista-spettacolare\/#respond"]}]},{"@type":"WebPage","@id":"https:\/\/www.chaletnata.com\/de\/un-nuovo-posto-letto-con-vista-spettacolare\/","url":"https:\/\/www.chaletnata.com\/de\/un-nuovo-posto-letto-con-vista-spettacolare\/","name":"Ein neues Bett mit einer spektakul\u00e4ren Aussicht - Chalet Nata","isPartOf":{"@id":"https:\/\/www.chaletnata.com\/en\/#website"},"primaryImageOfPage":{"@id":"https:\/\/www.chaletnata.com\/de\/un-nuovo-posto-letto-con-vista-spettacolare\/#primaryimage"},"image":{"@id":"https:\/\/www.chaletnata.com\/de\/un-nuovo-posto-letto-con-vista-spettacolare\/#primaryimage"},"thumbnailUrl":"https:\/\/www.chaletnata.com\/wp-content\/uploads\/2016\/11\/IMG_2717.jpg","datePublished":"2016-09-05T10:21:45+00:00","dateModified":"2016-11-18T17:11:46+00:00","author":{"@id":"https:\/\/www.chaletnata.com\/en\/#\/schema\/person\/43ff4bf07bbee1161aee63c953e4aa88"},"breadcrumb":{"@id":"https:\/\/www.chaletnata.com\/de\/un-nuovo-posto-letto-con-vista-spettacolare\/#breadcrumb"},"inLanguage":"de","potentialAction":[{"@type":"ReadAction","target":["https:\/\/www.chaletnata.com\/de\/un-nuovo-posto-letto-con-vista-spettacolare\/"]}]},{"@type":"ImageObject","inLanguage":"de","@id":"https:\/\/www.chaletnata.com\/de\/un-nuovo-posto-letto-con-vista-spettacolare\/#primaryimage","url":"https:\/\/www.chaletnata.com\/wp-content\/uploads\/2016\/11\/IMG_2717.jpg","contentUrl":"https:\/\/www.chaletnata.com\/wp-content\/uploads\/2016\/11\/IMG_2717.jpg","width":1280,"height":853},{"@type":"BreadcrumbList","@id":"https:\/\/www.chaletnata.com\/de\/un-nuovo-posto-letto-con-vista-spettacolare\/#breadcrumb","itemListElement":[{"@type":"ListItem","position":1,"name":"Home","item":"https:\/\/www.chaletnata.com\/de\/"},{"@type":"ListItem","position":2,"name":"Ein neues Bett mit einer spektakul\u00e4ren Aussicht"}]},{"@type":"WebSite","@id":"https:\/\/www.chaletnata.com\/en\/#website","url":"https:\/\/www.chaletnata.com\/en\/","name":"Chalet Nata","description":"Appartamenti Turistici in Val di Fassa - Apartmens Dolomites - Ferienwhonung Dolomiten","potentialAction":[{"@type":"SearchAction","target":{"@type":"EntryPoint","urlTemplate":"https:\/\/www.chaletnata.com\/en\/?s={search_term_string}"},"query-input":{"@type":"PropertyValueSpecification","valueRequired":true,"valueName":"search_term_string"}}],"inLanguage":"de"},{"@type":"Person","@id":"https:\/\/www.chaletnata.com\/en\/#\/schema\/person\/43ff4bf07bbee1161aee63c953e4aa88","name":"Anton","image":{"@type":"ImageObject","inLanguage":"de","@id":"https:\/\/www.chaletnata.com\/en\/#\/schema\/person\/image\/","url":"https:\/\/secure.gravatar.com\/avatar\/90171d06a4df0b2dd5d4b193cef69a7edec3972aa51ab19bd19d648659ab0630?s=96&d=mm&r=g","contentUrl":"https:\/\/secure.gravatar.com\/avatar\/90171d06a4df0b2dd5d4b193cef69a7edec3972aa51ab19bd19d648659ab0630?s=96&d=mm&r=g","caption":"Anton"},"url":"https:\/\/www.chaletnata.com\/de\/author\/anton\/"}]}},"_links":{"self":[{"href":"https:\/\/www.chaletnata.com\/de\/wp-json\/wp\/v2\/posts\/4598\/"}],"collection":[{"href":"https:\/\/www.chaletnata.com\/de\/wp-json\/wp\/v2\/posts\/"}],"about":[{"href":"https:\/\/www.chaletnata.com\/de\/wp-json\/wp\/v2\/types\/post\/"}],"author":[{"embeddable":true,"href":"https:\/\/www.chaletnata.com\/de\/wp-json\/wp\/v2\/users\/1\/"}],"replies":[{"embeddable":true,"href":"https:\/\/www.chaletnata.com\/de\/wp-json\/wp\/v2\/comments\/?post=4598"}],"version-history":[{"count":2,"href":"https:\/\/www.chaletnata.com\/de\/wp-json\/wp\/v2\/posts\/4598\/revisions\/"}],"predecessor-version":[{"id":4754,"href":"https:\/\/www.chaletnata.com\/de\/wp-json\/wp\/v2\/posts\/4598\/revisions\/4754\/"}],"wp:featuredmedia":[{"embeddable":true,"href":"https:\/\/www.chaletnata.com\/de\/wp-json\/wp\/v2\/media\/4085\/"}],"wp:attachment":[{"href":"https:\/\/www.chaletnata.com\/de\/wp-json\/wp\/v2\/media\/?parent=4598"}],"wp:term":[{"taxonomy":"category","embeddable":true,"href":"https:\/\/www.chaletnata.com\/de\/wp-json\/wp\/v2\/categories\/?post=4598"},{"taxonomy":"post_tag","embeddable":true,"href":"https:\/\/www.chaletnata.com\/de\/wp-json\/wp\/v2\/tags\/?post=4598"}],"curies":[{"name":"wp","href":"https:\/\/api.w.org\/{rel}","templated":true}]}}