{"id":4596,"date":"2016-09-10T16:53:54","date_gmt":"2016-09-10T14:53:54","guid":{"rendered":"http:\/\/www.chaletnata.com\/entorn-vich-larcione-ed-al-chalet-nata\/?lang=de"},"modified":"2016-11-18T18:10:02","modified_gmt":"2016-11-18T17:10:02","slug":"entorn-vich-larcione-ed-al-chalet-nata","status":"publish","type":"post","link":"https:\/\/www.chaletnata.com\/de\/entorn-vich-larcione-ed-al-chalet-nata\/","title":{"rendered":"Entorn Vich bei Larcion\u00e8 und am Chalet Nata"},"content":{"rendered":"<h2>Eine Sonderausgabe von Entorn Vich zwischen die Fraktionen Val, Costa und Larcion\u00e8<\/h2>\n<p><span title=\"Chi frequenta Vigo di Fassa in estate si sar\u00e0 sicuramente imbattuto in una delle serate di Entorn Vich, ovvero quando il centro del nostro paese \u00e8 in festa con musica, giochi e tanti stand gastronomici per un vero e proprio giro di degustazione.\">Wer nimmt an der Sommer Vigo di Fassa Sie kommen auf jeden Fall \u00fcber einen der Abende von Entorn Vich, das hei\u00dft, wenn das Zentrum unseres Landes feiert mit Musik, Spielen und viel Essen steht f\u00fcr eine echte Runde der Verkostung. <\/span><span title=\"Da quest'anno si \u00e8 voluto provare qualcosa di speciale.\">Ab diesem Jahr wollten wir etwas Besonderes zu versuchen. <\/span><span title=\"Invece della festa serale, si \u00e8 provato ad esportare Entorn Vich anche di giorno e non come al solito nel centro del paese, ma per le vie ed i Tobi\u00e0 delle frazioni di Val, Costa e Larcion\u00e8.\n\n\">Statt der Abendgesellschaft, hat es auch versucht Entorn Vich Tag exportieren und nicht wie \u00fcblich in der Stadtmitte, aber die Stra\u00dfen und Tobi\u00e0 von Val Fraktionen, Costa und Larcion\u00e8.<\/p>\n<p><\/span><span title=\"Cos\u00ec anche noi di Chalet Nata abbiamo voluto partecipare ed abbiamo offerto lo spazio per allestire alcuni stand gastronomici.\">So auch wir Chalet Nata wollten wir teilnehmen und wir angeboten Platz einige Essensst\u00e4nde zu setzen. <\/span><span title=\"Non contenti, Elisa si \u00e8 offerta di preparare la Pizza con pasta madre, preparata insieme agli amici del Chalet Nata.\">Nicht zufrieden, Elisa hat angeboten, die Pizza mit Teig herzustellen, zubereitet mit den Chalet Freunde Nata. <\/span><span title=\"Da noi si \u00e8 potuto anche gustare una grigliata di carne della Macelleria Pellegrin e la Birra speciale allestita dagli organizzatori di Bira te Fascia, la manifestazione che si svolge ogni estate a Campitello di Fassa con la degustazione di Birre speciali artigianali.\n\n\">Bei uns k\u00f6nnen Sie auch ein gegrilltes Fleisch von Pellegrin Butcher und Spezial-Bier von Bira Organisatoren te Reihe, die Veranstaltung statt genie\u00dfen, die Platz mit besonderen Verkostung von handwerklichen Biere jeden Sommer in Campitello di Fassa nimmt.<\/p>\n<p><\/span><span title=\"La festa \u00e8 stata un successone con una grande partecipazione di pubblico ed \u00e8 finito con il coro Val Fassa che si \u00e8 esibito davanti al Chalet Nata.\">Die Party war ein Erfolg mit einem riesigen Publikum und endete mit Val Fassa Chor, der vor dem Chalet Nata durchgef\u00fchrt. <\/span><span title=\"Ecco alcune foto dell'evento che speriamo si ripeter\u00e0 anche l'anno prossimo!\">Hier sind einige Fotos von der Veranstaltung, die wir hoffen, im n\u00e4chsten Jahr wiederholt werden!<\/span><\/p>\n<p>&nbsp;<\/p>\n","protected":false},"excerpt":{"rendered":"<p>Eine Sonderausgabe von Entorn Vich zwischen die Fraktionen Val, Costa und Larcion\u00e8 Wer nimmt an der Sommer Vigo di Fassa Sie kommen auf jeden Fall \u00fcber einen der Abende von Entorn Vich, das hei\u00dft, wenn das Zentrum unseres Landes feiert mit Musik, Spielen und viel Essen steht f\u00fcr eine echte Runde der Verkostung. Ab diesem[&#8230;]<\/p>\n","protected":false},"author":1,"featured_media":4352,"comment_status":"open","ping_status":"open","sticky":false,"template":"","format":"standard","meta":{"footnotes":""},"categories":[150],"tags":[151,152,153,154,155,156,157],"class_list":["post-4596","post","type-post","status-publish","format-standard","has-post-thumbnail","hentry","category-articolo-de","tag-chalet-nata-de","tag-entorn-vich-de","tag-evento-de","tag-food-de","tag-gastronomia-de","tag-manifestazione-de","tag-vigo-di-fassa-de"],"yoast_head":"<!-- This site is optimized with the Yoast SEO plugin v26.9 - https:\/\/yoast.com\/product\/yoast-seo-wordpress\/ -->\n<title>Entorn Vich edizione speciale a Larcion\u00e8 presso lo Chalet Nata<\/title>\n<meta name=\"description\" content=\"Entorn Vich edizione speciale nelle frazioni di Vigo di Fassa a Costa, Val e Larcion\u00e8, anche presso lo Chalet Nata con stand gastronomici e musica\" \/>\n<meta name=\"robots\" content=\"index, follow, max-snippet:-1, max-image-preview:large, max-video-preview:-1\" \/>\n<link rel=\"canonical\" href=\"https:\/\/www.chaletnata.com\/de\/entorn-vich-larcione-ed-al-chalet-nata\/\" \/>\n<meta property=\"og:locale\" content=\"de_DE\" \/>\n<meta property=\"og:type\" content=\"article\" \/>\n<meta property=\"og:title\" content=\"Entorn Vich edizione speciale a Larcion\u00e8 presso lo Chalet Nata\" \/>\n<meta property=\"og:description\" content=\"Entorn Vich edizione speciale nelle frazioni di Vigo di Fassa a Costa, Val e Larcion\u00e8, anche presso lo Chalet Nata con stand gastronomici e musica\" \/>\n<meta property=\"og:url\" content=\"https:\/\/www.chaletnata.com\/de\/entorn-vich-larcione-ed-al-chalet-nata\/\" \/>\n<meta property=\"og:site_name\" content=\"Chalet Nata\" \/>\n<meta property=\"article:published_time\" content=\"2016-09-10T14:53:54+00:00\" \/>\n<meta property=\"article:modified_time\" content=\"2016-11-18T17:10:02+00:00\" \/>\n<meta property=\"og:image\" content=\"https:\/\/www.chaletnata.com\/wp-content\/uploads\/2016\/11\/IMG_2593.jpg\" \/>\n\t<meta property=\"og:image:width\" content=\"1280\" \/>\n\t<meta property=\"og:image:height\" content=\"853\" \/>\n\t<meta property=\"og:image:type\" content=\"image\/jpeg\" \/>\n<meta name=\"author\" content=\"Anton\" \/>\n<meta name=\"twitter:card\" content=\"summary_large_image\" \/>\n<meta name=\"twitter:label1\" content=\"Verfasst von\" \/>\n\t<meta name=\"twitter:data1\" content=\"Anton\" \/>\n\t<meta name=\"twitter:label2\" content=\"Gesch\u00e4tzte Lesezeit\" \/>\n\t<meta name=\"twitter:data2\" content=\"1\u00a0Minute\" \/>\n<script type=\"application\/ld+json\" class=\"yoast-schema-graph\">{\"@context\":\"https:\/\/schema.org\",\"@graph\":[{\"@type\":\"Article\",\"@id\":\"https:\/\/www.chaletnata.com\/de\/entorn-vich-larcione-ed-al-chalet-nata\/#article\",\"isPartOf\":{\"@id\":\"https:\/\/www.chaletnata.com\/de\/entorn-vich-larcione-ed-al-chalet-nata\/\"},\"author\":{\"name\":\"Anton\",\"@id\":\"https:\/\/www.chaletnata.com\/en\/#\/schema\/person\/43ff4bf07bbee1161aee63c953e4aa88\"},\"headline\":\"Entorn Vich bei Larcion\u00e8 und am Chalet Nata\",\"datePublished\":\"2016-09-10T14:53:54+00:00\",\"dateModified\":\"2016-11-18T17:10:02+00:00\",\"mainEntityOfPage\":{\"@id\":\"https:\/\/www.chaletnata.com\/de\/entorn-vich-larcione-ed-al-chalet-nata\/\"},\"wordCount\":213,\"commentCount\":0,\"image\":{\"@id\":\"https:\/\/www.chaletnata.com\/de\/entorn-vich-larcione-ed-al-chalet-nata\/#primaryimage\"},\"thumbnailUrl\":\"https:\/\/www.chaletnata.com\/wp-content\/uploads\/2016\/11\/IMG_2593.jpg\",\"keywords\":[\"chalet nata\",\"entorn vich\",\"evento\",\"food\",\"gastronomia\",\"manifestazione\",\"vigo di fassa\"],\"articleSection\":[\"blog\"],\"inLanguage\":\"de\",\"potentialAction\":[{\"@type\":\"CommentAction\",\"name\":\"Comment\",\"target\":[\"https:\/\/www.chaletnata.com\/de\/entorn-vich-larcione-ed-al-chalet-nata\/#respond\"]}]},{\"@type\":\"WebPage\",\"@id\":\"https:\/\/www.chaletnata.com\/de\/entorn-vich-larcione-ed-al-chalet-nata\/\",\"url\":\"https:\/\/www.chaletnata.com\/de\/entorn-vich-larcione-ed-al-chalet-nata\/\",\"name\":\"Entorn Vich edizione speciale a Larcion\u00e8 presso lo Chalet Nata\",\"isPartOf\":{\"@id\":\"https:\/\/www.chaletnata.com\/en\/#website\"},\"primaryImageOfPage\":{\"@id\":\"https:\/\/www.chaletnata.com\/de\/entorn-vich-larcione-ed-al-chalet-nata\/#primaryimage\"},\"image\":{\"@id\":\"https:\/\/www.chaletnata.com\/de\/entorn-vich-larcione-ed-al-chalet-nata\/#primaryimage\"},\"thumbnailUrl\":\"https:\/\/www.chaletnata.com\/wp-content\/uploads\/2016\/11\/IMG_2593.jpg\",\"datePublished\":\"2016-09-10T14:53:54+00:00\",\"dateModified\":\"2016-11-18T17:10:02+00:00\",\"author\":{\"@id\":\"https:\/\/www.chaletnata.com\/en\/#\/schema\/person\/43ff4bf07bbee1161aee63c953e4aa88\"},\"description\":\"Entorn Vich edizione speciale nelle frazioni di Vigo di Fassa a Costa, Val e Larcion\u00e8, anche presso lo Chalet Nata con stand gastronomici e musica\",\"breadcrumb\":{\"@id\":\"https:\/\/www.chaletnata.com\/de\/entorn-vich-larcione-ed-al-chalet-nata\/#breadcrumb\"},\"inLanguage\":\"de\",\"potentialAction\":[{\"@type\":\"ReadAction\",\"target\":[\"https:\/\/www.chaletnata.com\/de\/entorn-vich-larcione-ed-al-chalet-nata\/\"]}]},{\"@type\":\"ImageObject\",\"inLanguage\":\"de\",\"@id\":\"https:\/\/www.chaletnata.com\/de\/entorn-vich-larcione-ed-al-chalet-nata\/#primaryimage\",\"url\":\"https:\/\/www.chaletnata.com\/wp-content\/uploads\/2016\/11\/IMG_2593.jpg\",\"contentUrl\":\"https:\/\/www.chaletnata.com\/wp-content\/uploads\/2016\/11\/IMG_2593.jpg\",\"width\":1280,\"height\":853},{\"@type\":\"BreadcrumbList\",\"@id\":\"https:\/\/www.chaletnata.com\/de\/entorn-vich-larcione-ed-al-chalet-nata\/#breadcrumb\",\"itemListElement\":[{\"@type\":\"ListItem\",\"position\":1,\"name\":\"Home\",\"item\":\"https:\/\/www.chaletnata.com\/de\/\"},{\"@type\":\"ListItem\",\"position\":2,\"name\":\"Entorn Vich bei Larcion\u00e8 und am Chalet Nata\"}]},{\"@type\":\"WebSite\",\"@id\":\"https:\/\/www.chaletnata.com\/en\/#website\",\"url\":\"https:\/\/www.chaletnata.com\/en\/\",\"name\":\"Chalet Nata\",\"description\":\"Appartamenti Turistici in Val di Fassa - Apartmens Dolomites - Ferienwhonung Dolomiten\",\"potentialAction\":[{\"@type\":\"SearchAction\",\"target\":{\"@type\":\"EntryPoint\",\"urlTemplate\":\"https:\/\/www.chaletnata.com\/en\/?s={search_term_string}\"},\"query-input\":{\"@type\":\"PropertyValueSpecification\",\"valueRequired\":true,\"valueName\":\"search_term_string\"}}],\"inLanguage\":\"de\"},{\"@type\":\"Person\",\"@id\":\"https:\/\/www.chaletnata.com\/en\/#\/schema\/person\/43ff4bf07bbee1161aee63c953e4aa88\",\"name\":\"Anton\",\"image\":{\"@type\":\"ImageObject\",\"inLanguage\":\"de\",\"@id\":\"https:\/\/www.chaletnata.com\/en\/#\/schema\/person\/image\/\",\"url\":\"https:\/\/secure.gravatar.com\/avatar\/90171d06a4df0b2dd5d4b193cef69a7edec3972aa51ab19bd19d648659ab0630?s=96&d=mm&r=g\",\"contentUrl\":\"https:\/\/secure.gravatar.com\/avatar\/90171d06a4df0b2dd5d4b193cef69a7edec3972aa51ab19bd19d648659ab0630?s=96&d=mm&r=g\",\"caption\":\"Anton\"},\"url\":\"https:\/\/www.chaletnata.com\/de\/author\/anton\/\"}]}<\/script>\n<!-- \/ Yoast SEO plugin. -->","yoast_head_json":{"title":"Entorn Vich edizione speciale a Larcion\u00e8 presso lo Chalet Nata","description":"Entorn Vich edizione speciale nelle frazioni di Vigo di Fassa a Costa, Val e Larcion\u00e8, anche presso lo Chalet Nata con stand gastronomici e musica","robots":{"index":"index","follow":"follow","max-snippet":"max-snippet:-1","max-image-preview":"max-image-preview:large","max-video-preview":"max-video-preview:-1"},"canonical":"https:\/\/www.chaletnata.com\/de\/entorn-vich-larcione-ed-al-chalet-nata\/","og_locale":"de_DE","og_type":"article","og_title":"Entorn Vich edizione speciale a Larcion\u00e8 presso lo Chalet Nata","og_description":"Entorn Vich edizione speciale nelle frazioni di Vigo di Fassa a Costa, Val e Larcion\u00e8, anche presso lo Chalet Nata con stand gastronomici e musica","og_url":"https:\/\/www.chaletnata.com\/de\/entorn-vich-larcione-ed-al-chalet-nata\/","og_site_name":"Chalet Nata","article_published_time":"2016-09-10T14:53:54+00:00","article_modified_time":"2016-11-18T17:10:02+00:00","og_image":[{"width":1280,"height":853,"url":"https:\/\/www.chaletnata.com\/wp-content\/uploads\/2016\/11\/IMG_2593.jpg","type":"image\/jpeg"}],"author":"Anton","twitter_card":"summary_large_image","twitter_misc":{"Verfasst von":"Anton","Gesch\u00e4tzte Lesezeit":"1\u00a0Minute"},"schema":{"@context":"https:\/\/schema.org","@graph":[{"@type":"Article","@id":"https:\/\/www.chaletnata.com\/de\/entorn-vich-larcione-ed-al-chalet-nata\/#article","isPartOf":{"@id":"https:\/\/www.chaletnata.com\/de\/entorn-vich-larcione-ed-al-chalet-nata\/"},"author":{"name":"Anton","@id":"https:\/\/www.chaletnata.com\/en\/#\/schema\/person\/43ff4bf07bbee1161aee63c953e4aa88"},"headline":"Entorn Vich bei Larcion\u00e8 und am Chalet Nata","datePublished":"2016-09-10T14:53:54+00:00","dateModified":"2016-11-18T17:10:02+00:00","mainEntityOfPage":{"@id":"https:\/\/www.chaletnata.com\/de\/entorn-vich-larcione-ed-al-chalet-nata\/"},"wordCount":213,"commentCount":0,"image":{"@id":"https:\/\/www.chaletnata.com\/de\/entorn-vich-larcione-ed-al-chalet-nata\/#primaryimage"},"thumbnailUrl":"https:\/\/www.chaletnata.com\/wp-content\/uploads\/2016\/11\/IMG_2593.jpg","keywords":["chalet nata","entorn vich","evento","food","gastronomia","manifestazione","vigo di fassa"],"articleSection":["blog"],"inLanguage":"de","potentialAction":[{"@type":"CommentAction","name":"Comment","target":["https:\/\/www.chaletnata.com\/de\/entorn-vich-larcione-ed-al-chalet-nata\/#respond"]}]},{"@type":"WebPage","@id":"https:\/\/www.chaletnata.com\/de\/entorn-vich-larcione-ed-al-chalet-nata\/","url":"https:\/\/www.chaletnata.com\/de\/entorn-vich-larcione-ed-al-chalet-nata\/","name":"Entorn Vich edizione speciale a Larcion\u00e8 presso lo Chalet Nata","isPartOf":{"@id":"https:\/\/www.chaletnata.com\/en\/#website"},"primaryImageOfPage":{"@id":"https:\/\/www.chaletnata.com\/de\/entorn-vich-larcione-ed-al-chalet-nata\/#primaryimage"},"image":{"@id":"https:\/\/www.chaletnata.com\/de\/entorn-vich-larcione-ed-al-chalet-nata\/#primaryimage"},"thumbnailUrl":"https:\/\/www.chaletnata.com\/wp-content\/uploads\/2016\/11\/IMG_2593.jpg","datePublished":"2016-09-10T14:53:54+00:00","dateModified":"2016-11-18T17:10:02+00:00","author":{"@id":"https:\/\/www.chaletnata.com\/en\/#\/schema\/person\/43ff4bf07bbee1161aee63c953e4aa88"},"description":"Entorn Vich edizione speciale nelle frazioni di Vigo di Fassa a Costa, Val e Larcion\u00e8, anche presso lo Chalet Nata con stand gastronomici e musica","breadcrumb":{"@id":"https:\/\/www.chaletnata.com\/de\/entorn-vich-larcione-ed-al-chalet-nata\/#breadcrumb"},"inLanguage":"de","potentialAction":[{"@type":"ReadAction","target":["https:\/\/www.chaletnata.com\/de\/entorn-vich-larcione-ed-al-chalet-nata\/"]}]},{"@type":"ImageObject","inLanguage":"de","@id":"https:\/\/www.chaletnata.com\/de\/entorn-vich-larcione-ed-al-chalet-nata\/#primaryimage","url":"https:\/\/www.chaletnata.com\/wp-content\/uploads\/2016\/11\/IMG_2593.jpg","contentUrl":"https:\/\/www.chaletnata.com\/wp-content\/uploads\/2016\/11\/IMG_2593.jpg","width":1280,"height":853},{"@type":"BreadcrumbList","@id":"https:\/\/www.chaletnata.com\/de\/entorn-vich-larcione-ed-al-chalet-nata\/#breadcrumb","itemListElement":[{"@type":"ListItem","position":1,"name":"Home","item":"https:\/\/www.chaletnata.com\/de\/"},{"@type":"ListItem","position":2,"name":"Entorn Vich bei Larcion\u00e8 und am Chalet Nata"}]},{"@type":"WebSite","@id":"https:\/\/www.chaletnata.com\/en\/#website","url":"https:\/\/www.chaletnata.com\/en\/","name":"Chalet Nata","description":"Appartamenti Turistici in Val di Fassa - Apartmens Dolomites - Ferienwhonung Dolomiten","potentialAction":[{"@type":"SearchAction","target":{"@type":"EntryPoint","urlTemplate":"https:\/\/www.chaletnata.com\/en\/?s={search_term_string}"},"query-input":{"@type":"PropertyValueSpecification","valueRequired":true,"valueName":"search_term_string"}}],"inLanguage":"de"},{"@type":"Person","@id":"https:\/\/www.chaletnata.com\/en\/#\/schema\/person\/43ff4bf07bbee1161aee63c953e4aa88","name":"Anton","image":{"@type":"ImageObject","inLanguage":"de","@id":"https:\/\/www.chaletnata.com\/en\/#\/schema\/person\/image\/","url":"https:\/\/secure.gravatar.com\/avatar\/90171d06a4df0b2dd5d4b193cef69a7edec3972aa51ab19bd19d648659ab0630?s=96&d=mm&r=g","contentUrl":"https:\/\/secure.gravatar.com\/avatar\/90171d06a4df0b2dd5d4b193cef69a7edec3972aa51ab19bd19d648659ab0630?s=96&d=mm&r=g","caption":"Anton"},"url":"https:\/\/www.chaletnata.com\/de\/author\/anton\/"}]}},"_links":{"self":[{"href":"https:\/\/www.chaletnata.com\/de\/wp-json\/wp\/v2\/posts\/4596\/"}],"collection":[{"href":"https:\/\/www.chaletnata.com\/de\/wp-json\/wp\/v2\/posts\/"}],"about":[{"href":"https:\/\/www.chaletnata.com\/de\/wp-json\/wp\/v2\/types\/post\/"}],"author":[{"embeddable":true,"href":"https:\/\/www.chaletnata.com\/de\/wp-json\/wp\/v2\/users\/1\/"}],"replies":[{"embeddable":true,"href":"https:\/\/www.chaletnata.com\/de\/wp-json\/wp\/v2\/comments\/?post=4596"}],"version-history":[{"count":2,"href":"https:\/\/www.chaletnata.com\/de\/wp-json\/wp\/v2\/posts\/4596\/revisions\/"}],"predecessor-version":[{"id":4749,"href":"https:\/\/www.chaletnata.com\/de\/wp-json\/wp\/v2\/posts\/4596\/revisions\/4749\/"}],"wp:featuredmedia":[{"embeddable":true,"href":"https:\/\/www.chaletnata.com\/de\/wp-json\/wp\/v2\/media\/4352\/"}],"wp:attachment":[{"href":"https:\/\/www.chaletnata.com\/de\/wp-json\/wp\/v2\/media\/?parent=4596"}],"wp:term":[{"taxonomy":"category","embeddable":true,"href":"https:\/\/www.chaletnata.com\/de\/wp-json\/wp\/v2\/categories\/?post=4596"},{"taxonomy":"post_tag","embeddable":true,"href":"https:\/\/www.chaletnata.com\/de\/wp-json\/wp\/v2\/tags\/?post=4596"}],"curies":[{"name":"wp","href":"https:\/\/api.w.org\/{rel}","templated":true}]}}