{"id":4543,"date":"2016-11-08T20:25:05","date_gmt":"2016-11-08T19:25:05","guid":{"rendered":"http:\/\/www.chaletnata.com\/mercatini-natale-trentino-alto-adige\/?lang=de"},"modified":"2016-11-18T18:08:35","modified_gmt":"2016-11-18T17:08:35","slug":"mercatini-natale-trentino-alto-adige","status":"publish","type":"post","link":"https:\/\/www.chaletnata.com\/de\/mercatini-natale-trentino-alto-adige\/","title":{"rendered":"Weihnachtsm\u00e4rkte  in Trentino und S\u00fcdtirol"},"content":{"rendered":"<h2>Besuchen Sie die M\u00e4rkte unserer Region in Vigo di Fassa in unserem Chalet bleiben<\/h2>\n<p><span title=\"Visitare i mercatini di Natale \u00e8 il sogno di molti, che viene per\u00f2 spesso scoraggiato dalla confusione, dal traffico e dai prezzi elevati degli alberghi nelle citt\u00e0 come Trento e Bolzano.\">Besuchen Sie die Weihnachtsm\u00e4rkte ist der Traum vieler, aber es wird oft durch die Verwirrung, den Verkehr und die hohen Preise f\u00fcr Hotels in der Stadt wie Trient und Bozen abgehalten. <\/span><span title=\"La soluzione ve la diamo noi!\">Die L\u00f6sung dort nehmen wir uns! <\/span><span title=\"Soggiornate in montagna in un paesaggio da favola, tra le Dolomiti della Val di Fassa ad un prezzo molto invitante ed in poco tempo raggiungete i mercatini pi\u00f9 belli del Trentino Alto Adige.\">Bleiben Sie in den Bergen in einer M\u00e4rchenlandschaft, die Dolomiten des Val di Fassa zu einem sehr attraktiven Preis und schnell erreichen Sie die sch\u00f6nsten M\u00e4rkte in der Trentino-S\u00fcdtirol. <\/span><span title=\"Siamo a circa 40 minuti di macchina dal centro di Bolzano (eventualmente raggiungibile anche in autobus con la fermata a 200 m da casa nostra e che vi porta direttamente di fronte al mercatino di Natale di Bolzano), siamo a poco pi\u00f9 di un'ora da\">Wir sind ca. 40 Minuten mit dem Auto vom Zentrum von Bozen (ggf. auch mit dem Bus erreichbar mit dem Bus 200 m von unserem Haus entfernt und es bringt Sie direkt vor dem Weihnachtsmarkt in Bozen), wir sind nur eine Stunde von <\/span><span title=\"Merano e Brunico ed ad un'ora e mezzo da Trento.\">Meran und Bruneck und eine Stunde und eine H\u00e4lfte von Trento. <\/span><span title=\"Inoltre anche qui vicino vi sono mercatini di Natale: a Vigo di Fassa stesso c'\u00e8 un piccolo mercatino di Natale, cos\u00ec come al Lago di Carezza in una cornice unica e novit\u00e0 da quest'anno anche a Pian di Campitello di Fassa.\">Ebenfalls in der N\u00e4he gibt es auch Weihnachtsm\u00e4rkte: in Vigo di Fassa das gleiche gibt es einen kleinen Weihnachtsmarkt, sowie dem Karersee in einer einzigartigen Umgebung, und neu in diesem Jahr auch in Pian di Fassa Campitello. <\/span><span title=\"C'\u00e8 quindi solo l'imbarazzo della scelta per vivere i mercatini della nostra regione insieme al paesaggio innevato della Val di Fassa.\n\n\">So gibt es eine gro\u00dfe Auswahl, die M\u00e4rkte unserer Region zu leben, zusammen mit der verschneiten Landschaft des Val di Fassa.<\/p>\n<p><\/span><span title=\"La nostra offerta \u00e8 valida dal 24 novembre al 24 dicembre 2016 con prezzi a partire da Euro 180,00* per due notti per due persone in appartamento con tutte le spese incluse.\n\n\">Unser Angebot ist vom 24. November bis 24. Dezember 2016 g\u00fcltig mit Preisen ab Euro 180,00 * f\u00fcr zwei N\u00e4chte f\u00fcr zwei Personen in der Wohnung ab alle Kosten enthalten.<\/p>\n<p><\/span><span title=\"Contattateci per avere un preventivo personalizzato!\n\n\">Kontaktieren Sie uns f\u00fcr ein individuelles Angebot!<\/p>\n<p><\/span><span title=\"*Euro 180,00 per due persone per due notti infrasettimanali\">* Euro 180,00 f\u00fcr zwei Personen f\u00fcr zwei N\u00e4chte unter der Woche<\/span><\/p>\n","protected":false},"excerpt":{"rendered":"<p>Besuchen Sie die M\u00e4rkte unserer Region in Vigo di Fassa in unserem Chalet bleiben Besuchen Sie die Weihnachtsm\u00e4rkte ist der Traum vieler, aber es wird oft durch die Verwirrung, den Verkehr und die hohen Preise f\u00fcr Hotels in der Stadt wie Trient und Bozen abgehalten. Die L\u00f6sung dort nehmen wir uns! Bleiben Sie in den[&#8230;]<\/p>\n","protected":false},"author":1,"featured_media":0,"comment_status":"open","ping_status":"open","sticky":false,"template":"","format":"standard","meta":{"footnotes":""},"categories":[111],"tags":[128,131],"class_list":["post-4543","post","type-post","status-publish","format-standard","hentry","category-promotionen","tag-alto-adige-de","tag-merano-de"],"yoast_head":"<!-- This site is optimized with the Yoast SEO plugin v26.9 - https:\/\/yoast.com\/product\/yoast-seo-wordpress\/ -->\n<title>Weihnachtsm\u00e4rkte in Trentino und S\u00fcdtirol - Chalet Nata<\/title>\n<meta name=\"description\" content=\"Mercatini di Natale in Trentino Alto Adige ed in Val di Fassa alloggiando a Vigo di Fassa presso lo Chalet Nata comodamente tra le Dolomiti innevate\" \/>\n<meta name=\"robots\" content=\"index, follow, max-snippet:-1, max-image-preview:large, max-video-preview:-1\" \/>\n<link rel=\"canonical\" href=\"https:\/\/www.chaletnata.com\/de\/mercatini-natale-trentino-alto-adige\/\" \/>\n<meta property=\"og:locale\" content=\"de_DE\" \/>\n<meta property=\"og:type\" content=\"article\" \/>\n<meta property=\"og:title\" content=\"Weihnachtsm\u00e4rkte in Trentino und S\u00fcdtirol - Chalet Nata\" \/>\n<meta property=\"og:description\" content=\"Mercatini di Natale in Trentino Alto Adige ed in Val di Fassa alloggiando a Vigo di Fassa presso lo Chalet Nata comodamente tra le Dolomiti innevate\" \/>\n<meta property=\"og:url\" content=\"https:\/\/www.chaletnata.com\/de\/mercatini-natale-trentino-alto-adige\/\" \/>\n<meta property=\"og:site_name\" content=\"Chalet Nata\" \/>\n<meta property=\"article:published_time\" content=\"2016-11-08T19:25:05+00:00\" \/>\n<meta property=\"article:modified_time\" content=\"2016-11-18T17:08:35+00:00\" \/>\n<meta name=\"author\" content=\"Anton\" \/>\n<meta name=\"twitter:card\" content=\"summary_large_image\" \/>\n<meta name=\"twitter:label1\" content=\"Verfasst von\" \/>\n\t<meta name=\"twitter:data1\" content=\"Anton\" \/>\n\t<meta name=\"twitter:label2\" content=\"Gesch\u00e4tzte Lesezeit\" \/>\n\t<meta name=\"twitter:data2\" content=\"1\u00a0Minute\" \/>\n<script type=\"application\/ld+json\" class=\"yoast-schema-graph\">{\"@context\":\"https:\/\/schema.org\",\"@graph\":[{\"@type\":\"Article\",\"@id\":\"https:\/\/www.chaletnata.com\/de\/mercatini-natale-trentino-alto-adige\/#article\",\"isPartOf\":{\"@id\":\"https:\/\/www.chaletnata.com\/de\/mercatini-natale-trentino-alto-adige\/\"},\"author\":{\"name\":\"Anton\",\"@id\":\"https:\/\/www.chaletnata.com\/en\/#\/schema\/person\/43ff4bf07bbee1161aee63c953e4aa88\"},\"headline\":\"Weihnachtsm\u00e4rkte in Trentino und S\u00fcdtirol\",\"datePublished\":\"2016-11-08T19:25:05+00:00\",\"dateModified\":\"2016-11-18T17:08:35+00:00\",\"mainEntityOfPage\":{\"@id\":\"https:\/\/www.chaletnata.com\/de\/mercatini-natale-trentino-alto-adige\/\"},\"wordCount\":260,\"commentCount\":0,\"keywords\":[\"alto adige\",\"merano\"],\"articleSection\":[\"promotionen\"],\"inLanguage\":\"de\",\"potentialAction\":[{\"@type\":\"CommentAction\",\"name\":\"Comment\",\"target\":[\"https:\/\/www.chaletnata.com\/de\/mercatini-natale-trentino-alto-adige\/#respond\"]}]},{\"@type\":\"WebPage\",\"@id\":\"https:\/\/www.chaletnata.com\/de\/mercatini-natale-trentino-alto-adige\/\",\"url\":\"https:\/\/www.chaletnata.com\/de\/mercatini-natale-trentino-alto-adige\/\",\"name\":\"Weihnachtsm\u00e4rkte in Trentino und S\u00fcdtirol - Chalet Nata\",\"isPartOf\":{\"@id\":\"https:\/\/www.chaletnata.com\/en\/#website\"},\"datePublished\":\"2016-11-08T19:25:05+00:00\",\"dateModified\":\"2016-11-18T17:08:35+00:00\",\"author\":{\"@id\":\"https:\/\/www.chaletnata.com\/en\/#\/schema\/person\/43ff4bf07bbee1161aee63c953e4aa88\"},\"description\":\"Mercatini di Natale in Trentino Alto Adige ed in Val di Fassa alloggiando a Vigo di Fassa presso lo Chalet Nata comodamente tra le Dolomiti innevate\",\"breadcrumb\":{\"@id\":\"https:\/\/www.chaletnata.com\/de\/mercatini-natale-trentino-alto-adige\/#breadcrumb\"},\"inLanguage\":\"de\",\"potentialAction\":[{\"@type\":\"ReadAction\",\"target\":[\"https:\/\/www.chaletnata.com\/de\/mercatini-natale-trentino-alto-adige\/\"]}]},{\"@type\":\"BreadcrumbList\",\"@id\":\"https:\/\/www.chaletnata.com\/de\/mercatini-natale-trentino-alto-adige\/#breadcrumb\",\"itemListElement\":[{\"@type\":\"ListItem\",\"position\":1,\"name\":\"Home\",\"item\":\"https:\/\/www.chaletnata.com\/de\/\"},{\"@type\":\"ListItem\",\"position\":2,\"name\":\"Weihnachtsm\u00e4rkte in Trentino und S\u00fcdtirol\"}]},{\"@type\":\"WebSite\",\"@id\":\"https:\/\/www.chaletnata.com\/en\/#website\",\"url\":\"https:\/\/www.chaletnata.com\/en\/\",\"name\":\"Chalet Nata\",\"description\":\"Appartamenti Turistici in Val di Fassa - Apartmens Dolomites - Ferienwhonung Dolomiten\",\"potentialAction\":[{\"@type\":\"SearchAction\",\"target\":{\"@type\":\"EntryPoint\",\"urlTemplate\":\"https:\/\/www.chaletnata.com\/en\/?s={search_term_string}\"},\"query-input\":{\"@type\":\"PropertyValueSpecification\",\"valueRequired\":true,\"valueName\":\"search_term_string\"}}],\"inLanguage\":\"de\"},{\"@type\":\"Person\",\"@id\":\"https:\/\/www.chaletnata.com\/en\/#\/schema\/person\/43ff4bf07bbee1161aee63c953e4aa88\",\"name\":\"Anton\",\"image\":{\"@type\":\"ImageObject\",\"inLanguage\":\"de\",\"@id\":\"https:\/\/www.chaletnata.com\/en\/#\/schema\/person\/image\/\",\"url\":\"https:\/\/secure.gravatar.com\/avatar\/90171d06a4df0b2dd5d4b193cef69a7edec3972aa51ab19bd19d648659ab0630?s=96&d=mm&r=g\",\"contentUrl\":\"https:\/\/secure.gravatar.com\/avatar\/90171d06a4df0b2dd5d4b193cef69a7edec3972aa51ab19bd19d648659ab0630?s=96&d=mm&r=g\",\"caption\":\"Anton\"},\"url\":\"https:\/\/www.chaletnata.com\/de\/author\/anton\/\"}]}<\/script>\n<!-- \/ Yoast SEO plugin. -->","yoast_head_json":{"title":"Weihnachtsm\u00e4rkte in Trentino und S\u00fcdtirol - Chalet Nata","description":"Mercatini di Natale in Trentino Alto Adige ed in Val di Fassa alloggiando a Vigo di Fassa presso lo Chalet Nata comodamente tra le Dolomiti innevate","robots":{"index":"index","follow":"follow","max-snippet":"max-snippet:-1","max-image-preview":"max-image-preview:large","max-video-preview":"max-video-preview:-1"},"canonical":"https:\/\/www.chaletnata.com\/de\/mercatini-natale-trentino-alto-adige\/","og_locale":"de_DE","og_type":"article","og_title":"Weihnachtsm\u00e4rkte in Trentino und S\u00fcdtirol - Chalet Nata","og_description":"Mercatini di Natale in Trentino Alto Adige ed in Val di Fassa alloggiando a Vigo di Fassa presso lo Chalet Nata comodamente tra le Dolomiti innevate","og_url":"https:\/\/www.chaletnata.com\/de\/mercatini-natale-trentino-alto-adige\/","og_site_name":"Chalet Nata","article_published_time":"2016-11-08T19:25:05+00:00","article_modified_time":"2016-11-18T17:08:35+00:00","author":"Anton","twitter_card":"summary_large_image","twitter_misc":{"Verfasst von":"Anton","Gesch\u00e4tzte Lesezeit":"1\u00a0Minute"},"schema":{"@context":"https:\/\/schema.org","@graph":[{"@type":"Article","@id":"https:\/\/www.chaletnata.com\/de\/mercatini-natale-trentino-alto-adige\/#article","isPartOf":{"@id":"https:\/\/www.chaletnata.com\/de\/mercatini-natale-trentino-alto-adige\/"},"author":{"name":"Anton","@id":"https:\/\/www.chaletnata.com\/en\/#\/schema\/person\/43ff4bf07bbee1161aee63c953e4aa88"},"headline":"Weihnachtsm\u00e4rkte in Trentino und S\u00fcdtirol","datePublished":"2016-11-08T19:25:05+00:00","dateModified":"2016-11-18T17:08:35+00:00","mainEntityOfPage":{"@id":"https:\/\/www.chaletnata.com\/de\/mercatini-natale-trentino-alto-adige\/"},"wordCount":260,"commentCount":0,"keywords":["alto adige","merano"],"articleSection":["promotionen"],"inLanguage":"de","potentialAction":[{"@type":"CommentAction","name":"Comment","target":["https:\/\/www.chaletnata.com\/de\/mercatini-natale-trentino-alto-adige\/#respond"]}]},{"@type":"WebPage","@id":"https:\/\/www.chaletnata.com\/de\/mercatini-natale-trentino-alto-adige\/","url":"https:\/\/www.chaletnata.com\/de\/mercatini-natale-trentino-alto-adige\/","name":"Weihnachtsm\u00e4rkte in Trentino und S\u00fcdtirol - Chalet Nata","isPartOf":{"@id":"https:\/\/www.chaletnata.com\/en\/#website"},"datePublished":"2016-11-08T19:25:05+00:00","dateModified":"2016-11-18T17:08:35+00:00","author":{"@id":"https:\/\/www.chaletnata.com\/en\/#\/schema\/person\/43ff4bf07bbee1161aee63c953e4aa88"},"description":"Mercatini di Natale in Trentino Alto Adige ed in Val di Fassa alloggiando a Vigo di Fassa presso lo Chalet Nata comodamente tra le Dolomiti innevate","breadcrumb":{"@id":"https:\/\/www.chaletnata.com\/de\/mercatini-natale-trentino-alto-adige\/#breadcrumb"},"inLanguage":"de","potentialAction":[{"@type":"ReadAction","target":["https:\/\/www.chaletnata.com\/de\/mercatini-natale-trentino-alto-adige\/"]}]},{"@type":"BreadcrumbList","@id":"https:\/\/www.chaletnata.com\/de\/mercatini-natale-trentino-alto-adige\/#breadcrumb","itemListElement":[{"@type":"ListItem","position":1,"name":"Home","item":"https:\/\/www.chaletnata.com\/de\/"},{"@type":"ListItem","position":2,"name":"Weihnachtsm\u00e4rkte in Trentino und S\u00fcdtirol"}]},{"@type":"WebSite","@id":"https:\/\/www.chaletnata.com\/en\/#website","url":"https:\/\/www.chaletnata.com\/en\/","name":"Chalet Nata","description":"Appartamenti Turistici in Val di Fassa - Apartmens Dolomites - Ferienwhonung Dolomiten","potentialAction":[{"@type":"SearchAction","target":{"@type":"EntryPoint","urlTemplate":"https:\/\/www.chaletnata.com\/en\/?s={search_term_string}"},"query-input":{"@type":"PropertyValueSpecification","valueRequired":true,"valueName":"search_term_string"}}],"inLanguage":"de"},{"@type":"Person","@id":"https:\/\/www.chaletnata.com\/en\/#\/schema\/person\/43ff4bf07bbee1161aee63c953e4aa88","name":"Anton","image":{"@type":"ImageObject","inLanguage":"de","@id":"https:\/\/www.chaletnata.com\/en\/#\/schema\/person\/image\/","url":"https:\/\/secure.gravatar.com\/avatar\/90171d06a4df0b2dd5d4b193cef69a7edec3972aa51ab19bd19d648659ab0630?s=96&d=mm&r=g","contentUrl":"https:\/\/secure.gravatar.com\/avatar\/90171d06a4df0b2dd5d4b193cef69a7edec3972aa51ab19bd19d648659ab0630?s=96&d=mm&r=g","caption":"Anton"},"url":"https:\/\/www.chaletnata.com\/de\/author\/anton\/"}]}},"_links":{"self":[{"href":"https:\/\/www.chaletnata.com\/de\/wp-json\/wp\/v2\/posts\/4543\/"}],"collection":[{"href":"https:\/\/www.chaletnata.com\/de\/wp-json\/wp\/v2\/posts\/"}],"about":[{"href":"https:\/\/www.chaletnata.com\/de\/wp-json\/wp\/v2\/types\/post\/"}],"author":[{"embeddable":true,"href":"https:\/\/www.chaletnata.com\/de\/wp-json\/wp\/v2\/users\/1\/"}],"replies":[{"embeddable":true,"href":"https:\/\/www.chaletnata.com\/de\/wp-json\/wp\/v2\/comments\/?post=4543"}],"version-history":[{"count":2,"href":"https:\/\/www.chaletnata.com\/de\/wp-json\/wp\/v2\/posts\/4543\/revisions\/"}],"predecessor-version":[{"id":4747,"href":"https:\/\/www.chaletnata.com\/de\/wp-json\/wp\/v2\/posts\/4543\/revisions\/4747\/"}],"wp:attachment":[{"href":"https:\/\/www.chaletnata.com\/de\/wp-json\/wp\/v2\/media\/?parent=4543"}],"wp:term":[{"taxonomy":"category","embeddable":true,"href":"https:\/\/www.chaletnata.com\/de\/wp-json\/wp\/v2\/categories\/?post=4543"},{"taxonomy":"post_tag","embeddable":true,"href":"https:\/\/www.chaletnata.com\/de\/wp-json\/wp\/v2\/tags\/?post=4543"}],"curies":[{"name":"wp","href":"https:\/\/api.w.org\/{rel}","templated":true}]}}