{"id":4541,"date":"2016-11-10T17:12:47","date_gmt":"2016-11-10T16:12:47","guid":{"rendered":"http:\/\/www.chaletnata.com\/giro-val-fassa\/?lang=de"},"modified":"2016-11-18T18:07:04","modified_gmt":"2016-11-18T17:07:04","slug":"giro-val-fassa","status":"publish","type":"post","link":"https:\/\/www.chaletnata.com\/de\/giro-val-fassa\/","title":{"rendered":"Der giro in Val di Fassa"},"content":{"rendered":"<h2>Die diesj\u00e4hrigen Italien-Rundfahrt geht zweimal in Val di Fassa<\/h2>\n<p>In diesem Jahr werden zwei Tage belaufen, in denen die Tour in Val di Fassa zu stoppen. Um genau zu sein am 24. und 25. Mai 2017 Ankunft in Canazei 24. Mai und 25. Mai von Moena. F\u00fcr diese Woche haben wir beschlossen, eine spezielle Wochenpauschalreise f\u00fcr diejenigen zu bieten, die die Tour zu folgen wollen, und dann ein paar Tage im Tal verbringen den Fr\u00fchling zu bewundern fortgeschritten. Kommen auch Sie mit Ihrem eigenen Fahrrad, bieten wir den Platz in der Garage f\u00fcr Fahrr\u00e4der.<\/p>\n<p>Unser Angebot der Tour ist wie folgt: Mai 20 bis 27 f\u00fcr 2 Personen zum Preis von Euro 490,00 (Euro 590,00 f\u00fcr vier) Personen mit allen Aufwendungen enthalten.<\/p>\n","protected":false},"excerpt":{"rendered":"<p>Die diesj\u00e4hrigen Italien-Rundfahrt geht zweimal in Val di Fassa In diesem Jahr werden zwei Tage belaufen, in denen die Tour in Val di Fassa zu stoppen. Um genau zu sein am 24. und 25. Mai 2017 Ankunft in Canazei 24. Mai und 25. Mai von Moena. F\u00fcr diese Woche haben wir beschlossen, eine spezielle Wochenpauschalreise[&#8230;]<\/p>\n","protected":false},"author":1,"featured_media":4355,"comment_status":"open","ping_status":"open","sticky":false,"template":"","format":"standard","meta":{"footnotes":""},"categories":[111],"tags":[112,113,114,115,115,116,117],"class_list":{"0":"post-4541","1":"post","2":"type-post","3":"status-publish","4":"format-standard","5":"has-post-thumbnail","6":"hentry","7":"category-promotionen","8":"tag-bici-de","9":"tag-bike-de","10":"tag-giro-de","11":"tag-giro-ditalia-de","13":"tag-offerta-de","14":"tag-promo-de"},"yoast_head":"<!-- This site is optimized with the Yoast SEO plugin v26.9 - https:\/\/yoast.com\/product\/yoast-seo-wordpress\/ -->\n<title>Il giro d&#039;Italia in Val di Fassa due volte nel maggio 2017 a Canazei e Moena<\/title>\n<meta name=\"description\" content=\"Il giro d&#039;Italia nel 2017 approda in Val di Fassa due volte con arrivo a Canazei il 24 maggio 2017 e partenza da Moena il 25 maggio 2017\" \/>\n<meta name=\"robots\" content=\"index, follow, max-snippet:-1, max-image-preview:large, max-video-preview:-1\" \/>\n<link rel=\"canonical\" href=\"https:\/\/www.chaletnata.com\/de\/giro-val-fassa\/\" \/>\n<meta property=\"og:locale\" content=\"de_DE\" \/>\n<meta property=\"og:type\" content=\"article\" \/>\n<meta property=\"og:title\" content=\"Il giro d&#039;Italia in Val di Fassa due volte nel maggio 2017 a Canazei e Moena\" \/>\n<meta property=\"og:description\" content=\"Il giro d&#039;Italia nel 2017 approda in Val di Fassa due volte con arrivo a Canazei il 24 maggio 2017 e partenza da Moena il 25 maggio 2017\" \/>\n<meta property=\"og:url\" content=\"https:\/\/www.chaletnata.com\/de\/giro-val-fassa\/\" \/>\n<meta property=\"og:site_name\" content=\"Chalet Nata\" \/>\n<meta property=\"article:published_time\" content=\"2016-11-10T16:12:47+00:00\" \/>\n<meta property=\"article:modified_time\" content=\"2016-11-18T17:07:04+00:00\" \/>\n<meta property=\"og:image\" content=\"https:\/\/www.chaletnata.com\/wp-content\/uploads\/2016\/11\/giro.jpg\" \/>\n\t<meta property=\"og:image:width\" content=\"1280\" \/>\n\t<meta property=\"og:image:height\" content=\"853\" \/>\n\t<meta property=\"og:image:type\" content=\"image\/jpeg\" \/>\n<meta name=\"author\" content=\"Anton\" \/>\n<meta name=\"twitter:card\" content=\"summary_large_image\" \/>\n<meta name=\"twitter:label1\" content=\"Verfasst von\" \/>\n\t<meta name=\"twitter:data1\" content=\"Anton\" \/>\n\t<meta name=\"twitter:label2\" content=\"Gesch\u00e4tzte Lesezeit\" \/>\n\t<meta name=\"twitter:data2\" content=\"1\u00a0Minute\" \/>\n<script type=\"application\/ld+json\" class=\"yoast-schema-graph\">{\"@context\":\"https:\/\/schema.org\",\"@graph\":[{\"@type\":\"Article\",\"@id\":\"https:\/\/www.chaletnata.com\/de\/giro-val-fassa\/#article\",\"isPartOf\":{\"@id\":\"https:\/\/www.chaletnata.com\/de\/giro-val-fassa\/\"},\"author\":{\"name\":\"Anton\",\"@id\":\"https:\/\/www.chaletnata.com\/en\/#\/schema\/person\/43ff4bf07bbee1161aee63c953e4aa88\"},\"headline\":\"Der giro in Val di Fassa\",\"datePublished\":\"2016-11-10T16:12:47+00:00\",\"dateModified\":\"2016-11-18T17:07:04+00:00\",\"mainEntityOfPage\":{\"@id\":\"https:\/\/www.chaletnata.com\/de\/giro-val-fassa\/\"},\"wordCount\":126,\"commentCount\":0,\"image\":{\"@id\":\"https:\/\/www.chaletnata.com\/de\/giro-val-fassa\/#primaryimage\"},\"thumbnailUrl\":\"https:\/\/www.chaletnata.com\/wp-content\/uploads\/2016\/11\/giro.jpg\",\"keywords\":[\"bici\",\"bike\",\"giro\",\"giro d&#8217;italia\",\"giro d&#8217;italia\",\"offerta\",\"promo\"],\"articleSection\":[\"promotionen\"],\"inLanguage\":\"de\",\"potentialAction\":[{\"@type\":\"CommentAction\",\"name\":\"Comment\",\"target\":[\"https:\/\/www.chaletnata.com\/de\/giro-val-fassa\/#respond\"]}]},{\"@type\":\"WebPage\",\"@id\":\"https:\/\/www.chaletnata.com\/de\/giro-val-fassa\/\",\"url\":\"https:\/\/www.chaletnata.com\/de\/giro-val-fassa\/\",\"name\":\"Il giro d'Italia in Val di Fassa due volte nel maggio 2017 a Canazei e Moena\",\"isPartOf\":{\"@id\":\"https:\/\/www.chaletnata.com\/en\/#website\"},\"primaryImageOfPage\":{\"@id\":\"https:\/\/www.chaletnata.com\/de\/giro-val-fassa\/#primaryimage\"},\"image\":{\"@id\":\"https:\/\/www.chaletnata.com\/de\/giro-val-fassa\/#primaryimage\"},\"thumbnailUrl\":\"https:\/\/www.chaletnata.com\/wp-content\/uploads\/2016\/11\/giro.jpg\",\"datePublished\":\"2016-11-10T16:12:47+00:00\",\"dateModified\":\"2016-11-18T17:07:04+00:00\",\"author\":{\"@id\":\"https:\/\/www.chaletnata.com\/en\/#\/schema\/person\/43ff4bf07bbee1161aee63c953e4aa88\"},\"description\":\"Il giro d'Italia nel 2017 approda in Val di Fassa due volte con arrivo a Canazei il 24 maggio 2017 e partenza da Moena il 25 maggio 2017\",\"breadcrumb\":{\"@id\":\"https:\/\/www.chaletnata.com\/de\/giro-val-fassa\/#breadcrumb\"},\"inLanguage\":\"de\",\"potentialAction\":[{\"@type\":\"ReadAction\",\"target\":[\"https:\/\/www.chaletnata.com\/de\/giro-val-fassa\/\"]}]},{\"@type\":\"ImageObject\",\"inLanguage\":\"de\",\"@id\":\"https:\/\/www.chaletnata.com\/de\/giro-val-fassa\/#primaryimage\",\"url\":\"https:\/\/www.chaletnata.com\/wp-content\/uploads\/2016\/11\/giro.jpg\",\"contentUrl\":\"https:\/\/www.chaletnata.com\/wp-content\/uploads\/2016\/11\/giro.jpg\",\"width\":1280,\"height\":853},{\"@type\":\"BreadcrumbList\",\"@id\":\"https:\/\/www.chaletnata.com\/de\/giro-val-fassa\/#breadcrumb\",\"itemListElement\":[{\"@type\":\"ListItem\",\"position\":1,\"name\":\"Home\",\"item\":\"https:\/\/www.chaletnata.com\/de\/\"},{\"@type\":\"ListItem\",\"position\":2,\"name\":\"Der giro in Val di Fassa\"}]},{\"@type\":\"WebSite\",\"@id\":\"https:\/\/www.chaletnata.com\/en\/#website\",\"url\":\"https:\/\/www.chaletnata.com\/en\/\",\"name\":\"Chalet Nata\",\"description\":\"Appartamenti Turistici in Val di Fassa - Apartmens Dolomites - Ferienwhonung Dolomiten\",\"potentialAction\":[{\"@type\":\"SearchAction\",\"target\":{\"@type\":\"EntryPoint\",\"urlTemplate\":\"https:\/\/www.chaletnata.com\/en\/?s={search_term_string}\"},\"query-input\":{\"@type\":\"PropertyValueSpecification\",\"valueRequired\":true,\"valueName\":\"search_term_string\"}}],\"inLanguage\":\"de\"},{\"@type\":\"Person\",\"@id\":\"https:\/\/www.chaletnata.com\/en\/#\/schema\/person\/43ff4bf07bbee1161aee63c953e4aa88\",\"name\":\"Anton\",\"image\":{\"@type\":\"ImageObject\",\"inLanguage\":\"de\",\"@id\":\"https:\/\/www.chaletnata.com\/en\/#\/schema\/person\/image\/\",\"url\":\"https:\/\/secure.gravatar.com\/avatar\/90171d06a4df0b2dd5d4b193cef69a7edec3972aa51ab19bd19d648659ab0630?s=96&d=mm&r=g\",\"contentUrl\":\"https:\/\/secure.gravatar.com\/avatar\/90171d06a4df0b2dd5d4b193cef69a7edec3972aa51ab19bd19d648659ab0630?s=96&d=mm&r=g\",\"caption\":\"Anton\"},\"url\":\"https:\/\/www.chaletnata.com\/de\/author\/anton\/\"}]}<\/script>\n<!-- \/ Yoast SEO plugin. -->","yoast_head_json":{"title":"Il giro d'Italia in Val di Fassa due volte nel maggio 2017 a Canazei e Moena","description":"Il giro d'Italia nel 2017 approda in Val di Fassa due volte con arrivo a Canazei il 24 maggio 2017 e partenza da Moena il 25 maggio 2017","robots":{"index":"index","follow":"follow","max-snippet":"max-snippet:-1","max-image-preview":"max-image-preview:large","max-video-preview":"max-video-preview:-1"},"canonical":"https:\/\/www.chaletnata.com\/de\/giro-val-fassa\/","og_locale":"de_DE","og_type":"article","og_title":"Il giro d'Italia in Val di Fassa due volte nel maggio 2017 a Canazei e Moena","og_description":"Il giro d'Italia nel 2017 approda in Val di Fassa due volte con arrivo a Canazei il 24 maggio 2017 e partenza da Moena il 25 maggio 2017","og_url":"https:\/\/www.chaletnata.com\/de\/giro-val-fassa\/","og_site_name":"Chalet Nata","article_published_time":"2016-11-10T16:12:47+00:00","article_modified_time":"2016-11-18T17:07:04+00:00","og_image":[{"width":1280,"height":853,"url":"https:\/\/www.chaletnata.com\/wp-content\/uploads\/2016\/11\/giro.jpg","type":"image\/jpeg"}],"author":"Anton","twitter_card":"summary_large_image","twitter_misc":{"Verfasst von":"Anton","Gesch\u00e4tzte Lesezeit":"1\u00a0Minute"},"schema":{"@context":"https:\/\/schema.org","@graph":[{"@type":"Article","@id":"https:\/\/www.chaletnata.com\/de\/giro-val-fassa\/#article","isPartOf":{"@id":"https:\/\/www.chaletnata.com\/de\/giro-val-fassa\/"},"author":{"name":"Anton","@id":"https:\/\/www.chaletnata.com\/en\/#\/schema\/person\/43ff4bf07bbee1161aee63c953e4aa88"},"headline":"Der giro in Val di Fassa","datePublished":"2016-11-10T16:12:47+00:00","dateModified":"2016-11-18T17:07:04+00:00","mainEntityOfPage":{"@id":"https:\/\/www.chaletnata.com\/de\/giro-val-fassa\/"},"wordCount":126,"commentCount":0,"image":{"@id":"https:\/\/www.chaletnata.com\/de\/giro-val-fassa\/#primaryimage"},"thumbnailUrl":"https:\/\/www.chaletnata.com\/wp-content\/uploads\/2016\/11\/giro.jpg","keywords":["bici","bike","giro","giro d&#8217;italia","giro d&#8217;italia","offerta","promo"],"articleSection":["promotionen"],"inLanguage":"de","potentialAction":[{"@type":"CommentAction","name":"Comment","target":["https:\/\/www.chaletnata.com\/de\/giro-val-fassa\/#respond"]}]},{"@type":"WebPage","@id":"https:\/\/www.chaletnata.com\/de\/giro-val-fassa\/","url":"https:\/\/www.chaletnata.com\/de\/giro-val-fassa\/","name":"Il giro d'Italia in Val di Fassa due volte nel maggio 2017 a Canazei e Moena","isPartOf":{"@id":"https:\/\/www.chaletnata.com\/en\/#website"},"primaryImageOfPage":{"@id":"https:\/\/www.chaletnata.com\/de\/giro-val-fassa\/#primaryimage"},"image":{"@id":"https:\/\/www.chaletnata.com\/de\/giro-val-fassa\/#primaryimage"},"thumbnailUrl":"https:\/\/www.chaletnata.com\/wp-content\/uploads\/2016\/11\/giro.jpg","datePublished":"2016-11-10T16:12:47+00:00","dateModified":"2016-11-18T17:07:04+00:00","author":{"@id":"https:\/\/www.chaletnata.com\/en\/#\/schema\/person\/43ff4bf07bbee1161aee63c953e4aa88"},"description":"Il giro d'Italia nel 2017 approda in Val di Fassa due volte con arrivo a Canazei il 24 maggio 2017 e partenza da Moena il 25 maggio 2017","breadcrumb":{"@id":"https:\/\/www.chaletnata.com\/de\/giro-val-fassa\/#breadcrumb"},"inLanguage":"de","potentialAction":[{"@type":"ReadAction","target":["https:\/\/www.chaletnata.com\/de\/giro-val-fassa\/"]}]},{"@type":"ImageObject","inLanguage":"de","@id":"https:\/\/www.chaletnata.com\/de\/giro-val-fassa\/#primaryimage","url":"https:\/\/www.chaletnata.com\/wp-content\/uploads\/2016\/11\/giro.jpg","contentUrl":"https:\/\/www.chaletnata.com\/wp-content\/uploads\/2016\/11\/giro.jpg","width":1280,"height":853},{"@type":"BreadcrumbList","@id":"https:\/\/www.chaletnata.com\/de\/giro-val-fassa\/#breadcrumb","itemListElement":[{"@type":"ListItem","position":1,"name":"Home","item":"https:\/\/www.chaletnata.com\/de\/"},{"@type":"ListItem","position":2,"name":"Der giro in Val di Fassa"}]},{"@type":"WebSite","@id":"https:\/\/www.chaletnata.com\/en\/#website","url":"https:\/\/www.chaletnata.com\/en\/","name":"Chalet Nata","description":"Appartamenti Turistici in Val di Fassa - Apartmens Dolomites - Ferienwhonung Dolomiten","potentialAction":[{"@type":"SearchAction","target":{"@type":"EntryPoint","urlTemplate":"https:\/\/www.chaletnata.com\/en\/?s={search_term_string}"},"query-input":{"@type":"PropertyValueSpecification","valueRequired":true,"valueName":"search_term_string"}}],"inLanguage":"de"},{"@type":"Person","@id":"https:\/\/www.chaletnata.com\/en\/#\/schema\/person\/43ff4bf07bbee1161aee63c953e4aa88","name":"Anton","image":{"@type":"ImageObject","inLanguage":"de","@id":"https:\/\/www.chaletnata.com\/en\/#\/schema\/person\/image\/","url":"https:\/\/secure.gravatar.com\/avatar\/90171d06a4df0b2dd5d4b193cef69a7edec3972aa51ab19bd19d648659ab0630?s=96&d=mm&r=g","contentUrl":"https:\/\/secure.gravatar.com\/avatar\/90171d06a4df0b2dd5d4b193cef69a7edec3972aa51ab19bd19d648659ab0630?s=96&d=mm&r=g","caption":"Anton"},"url":"https:\/\/www.chaletnata.com\/de\/author\/anton\/"}]}},"_links":{"self":[{"href":"https:\/\/www.chaletnata.com\/de\/wp-json\/wp\/v2\/posts\/4541\/"}],"collection":[{"href":"https:\/\/www.chaletnata.com\/de\/wp-json\/wp\/v2\/posts\/"}],"about":[{"href":"https:\/\/www.chaletnata.com\/de\/wp-json\/wp\/v2\/types\/post\/"}],"author":[{"embeddable":true,"href":"https:\/\/www.chaletnata.com\/de\/wp-json\/wp\/v2\/users\/1\/"}],"replies":[{"embeddable":true,"href":"https:\/\/www.chaletnata.com\/de\/wp-json\/wp\/v2\/comments\/?post=4541"}],"version-history":[{"count":2,"href":"https:\/\/www.chaletnata.com\/de\/wp-json\/wp\/v2\/posts\/4541\/revisions\/"}],"predecessor-version":[{"id":4745,"href":"https:\/\/www.chaletnata.com\/de\/wp-json\/wp\/v2\/posts\/4541\/revisions\/4745\/"}],"wp:featuredmedia":[{"embeddable":true,"href":"https:\/\/www.chaletnata.com\/de\/wp-json\/wp\/v2\/media\/4355\/"}],"wp:attachment":[{"href":"https:\/\/www.chaletnata.com\/de\/wp-json\/wp\/v2\/media\/?parent=4541"}],"wp:term":[{"taxonomy":"category","embeddable":true,"href":"https:\/\/www.chaletnata.com\/de\/wp-json\/wp\/v2\/categories\/?post=4541"},{"taxonomy":"post_tag","embeddable":true,"href":"https:\/\/www.chaletnata.com\/de\/wp-json\/wp\/v2\/tags\/?post=4541"}],"curies":[{"name":"wp","href":"https:\/\/api.w.org\/{rel}","templated":true}]}}